{"id":2107,"date":"2016-06-17T00:07:59","date_gmt":"2016-06-17T00:07:59","guid":{"rendered":"http:\/\/streamexico.com\/?p=2107"},"modified":"2016-06-17T00:09:02","modified_gmt":"2016-06-17T00:09:02","slug":"la-primera-apple-store-en-mexico-abrira-este-ano-asi-sera","status":"publish","type":"post","link":"https:\/\/streamexico.com\/home\/la-primera-apple-store-en-mexico-abrira-este-ano-asi-sera\/","title":{"rendered":"La primera Apple Store en M\u00e9xico abrir\u00e1 este a\u00f1o, as\u00ed ser\u00e1"},"content":{"rendered":"<h2 class=\"node-summary\" style=\"text-align: justify;\">A\u00fan no existe fecha para la apertura, pero podr\u00eda tener tecnolog\u00eda y dise\u00f1o muy similar a la que abri\u00f3 hace un mes en San Francisco<\/h2>\n<p style=\"text-align: justify;\"><img src=\"http:\/\/www.excelsior.com.mx\/media\/pictures\/2016\/06\/16\/1464004.jpg\" alt=\"\" \/><\/p>\n<div id=\"block-excelsior-especiales-article-galerias\" class=\"block block-excelsior-especiales first odd\" style=\"text-align: justify;\">\n<div id=\"content-wrapper-image\">\n<p class=\"single-image-info-description\">Exc\u00e9lsior visit\u00f3 con diversos directivos de Apple la nueva tienda en Union Square que ser\u00e1 semejante a la que traigan a M\u00e9xico. Foto: Reuters<\/p>\n<\/div>\n<div class=\"clear\">\n<p>SAN FRANCISCO.\u2013 <strong>Apple ultima los detalles para inaugurar su primera tienda en la Ciudad de M\u00e9xico<\/strong>, la cual estar\u00e1 disponible en el cuarto trimestre de este a\u00f1o, y ser\u00e1 muy similar en cuanto a tecnolog\u00eda y dise\u00f1o interior a la que se abri\u00f3 hace un mes en <strong>Union Square, en San Francisco, California<\/strong>.<\/p>\n<p><strong>Directivos de Apple<\/strong> en Estados Unidos, entre ellos <strong>Enrique Atienza, director de Mercado de Am\u00e9rica para Apple<\/strong>, comentaron a Exc\u00e9lsior que no hab\u00edan tra\u00eddo anteriormente una Apple Store a M\u00e9xico, debido a que ve\u00edan que gracias a la cercan\u00eda con el pa\u00eds sede de la empresa, a\u00fan no era necesario por estrategia comercial, como si lo era Brasil en su momento.<\/p>\n<p>Sin embargo, aseguraron que seg\u00fan sus an\u00e1lisis de mercado y econom\u00eda internacional a corto plazo, M\u00e9xico ser\u00e1 la naci\u00f3n de la regi\u00f3n que tendr\u00e1 los mejores crecimientos de su PIB en los pr\u00f3ximos tres a cinco a\u00f1os, por lo que se decidi\u00f3 este a\u00f1o iniciar su expansi\u00f3n a la Ciudad de M\u00e9xico.<\/p>\n<p><span class=\"article-body-numeralia\">La firma tiene 479 tiendas en el mundo<\/span><\/p>\n<p>A\u00fan sin fecha definida para la apertura por temas de negociaciones, y posiblemente con una sede en <strong>Santa Fe, la nueva Apple Store M\u00e9xico<\/strong> contar\u00e1 con tecnolog\u00eda y dise\u00f1o muy similar a la que la compa\u00f1\u00eda que encabeza <strong>Tim Cook<\/strong>, abri\u00f3 hace un mes en San Francisco.<\/p>\n<h3>NATURALEZA Y TECNOLOG\u00cdA JUNTAS<\/h3>\n<p>En el marco del foro de desarrolladores <strong>WWDC 2016<\/strong>, Exc\u00e9lsior visit\u00f3 con diversos directivos de Apple la nueva tienda en Union Square que ser\u00e1 semejante a la que traigan a M\u00e9xico, donde ejecutivos de la firma, entre ellos, BJ Seigel, director senior de\u00a0Dise\u00f1o de la tecnol\u00f3gica, comentaron que es la primera en a\u00f1adir espacios como el \u201cForo\u201d, que cuenta con un muro pantalla de 35 pies con calidad de imagen 6K, que sirve para que las personas puedan reunirse a platicar, ver conferencias, eventos de arte o hasta hacer negocios.<\/p>\n<p>Tambi\u00e9n redise\u00f1aron lugares ic\u00f3nicos dentro de la tienda como el \u201cGenius Bar\u201d, donde las personas pueden preguntar a un experto sobre problemas con un producto y, ahora, lo hacen sentados junto a un \u00e1rbol, gracias al dise\u00f1o de la maceta hecha de concreto y cubierta con piel, que da la sensaci\u00f3n de frescura de un campus universitario.<\/p>\n<p>Aunque las verdaderas innovaciones se ven a simple vista, como el hecho de tener puertas y ventanas de cristal de 42 pies de alto con un peso de 20 toneladas hechas\u00a0en Alemania, o que el segundo piso no cuenta con columnas que lo sostengan.<\/p>\n<p>Si se mira bien, el segundo piso parece justo como la tapa de una computadora a punto de cerrarse, y se mantiene en su lugar gracias a un muro trasero, a lo que se a\u00f1ade el piso que cuenta con un mecanismo de amortiguadores para evitar que se mueva por las pisadas o vibraciones.<\/p>\n<p>Sin olvidar el <span class=\"texto-subrayado\">par de escaleras de cristal que genera electricidad cada que es pisado<\/span>, y que se utiliza para dar aproximadamente el 30% de la energ\u00eda que requiere la tienda, junto con varios paneles solares que est\u00e1n colocados en las mismas enormes ventanas con sensores especiales. Los directivos comentaron que este tipo de tecnolog\u00eda y dise\u00f1o puede aplicarse a las pr\u00f3ximas tiendas por abrir.<\/p>\n<p><img loading=\"lazy\" class=\"Image img__fid__163450 img__view_mode__media_original attr__format__media_original\" src=\"http:\/\/www.dineroenimagen.com\/media\/dinero\/apple_mex_tienda.jpg\" alt=\"\" width=\"566\" height=\"549\" \/><\/p>\n<\/div>\n<\/div>\n<div id=\"block-excelsior-minutoxminuto-mxm-node-theme-excelsior\" class=\"block block-excelsior-minutoxminuto first odd\" style=\"text-align: justify;\">\u00a0(http:\/\/www.excelsior.com.mx\/)<\/div>\n","protected":false},"excerpt":{"rendered":"<p>A\u00fan no existe fecha para la apertura, pero podr\u00eda tener tecnolog\u00eda y dise\u00f1o muy similar a la que abri\u00f3 hace un mes en San Francisco Exc\u00e9lsior visit\u00f3 con diversos directivos de Apple la nueva tienda en Union Square que ser\u00e1 semejante a la que traigan&#8230;<\/p>\n","protected":false},"author":1,"featured_media":1813,"comment_status":"closed","ping_status":"closed","sticky":false,"template":"","format":"standard","meta":[],"categories":[22],"tags":[],"_links":{"self":[{"href":"https:\/\/streamexico.com\/home\/wp-json\/wp\/v2\/posts\/2107"}],"collection":[{"href":"https:\/\/streamexico.com\/home\/wp-json\/wp\/v2\/posts"}],"about":[{"href":"https:\/\/streamexico.com\/home\/wp-json\/wp\/v2\/types\/post"}],"author":[{"embeddable":true,"href":"https:\/\/streamexico.com\/home\/wp-json\/wp\/v2\/users\/1"}],"replies":[{"embeddable":true,"href":"https:\/\/streamexico.com\/home\/wp-json\/wp\/v2\/comments?post=2107"}],"version-history":[{"count":2,"href":"https:\/\/streamexico.com\/home\/wp-json\/wp\/v2\/posts\/2107\/revisions"}],"predecessor-version":[{"id":2109,"href":"https:\/\/streamexico.com\/home\/wp-json\/wp\/v2\/posts\/2107\/revisions\/2109"}],"wp:featuredmedia":[{"embeddable":true,"href":"https:\/\/streamexico.com\/home\/wp-json\/wp\/v2\/media\/1813"}],"wp:attachment":[{"href":"https:\/\/streamexico.com\/home\/wp-json\/wp\/v2\/media?parent=2107"}],"wp:term":[{"taxonomy":"category","embeddable":true,"href":"https:\/\/streamexico.com\/home\/wp-json\/wp\/v2\/categories?post=2107"},{"taxonomy":"post_tag","embeddable":true,"href":"https:\/\/streamexico.com\/home\/wp-json\/wp\/v2\/tags?post=2107"}],"curies":[{"name":"wp","href":"https:\/\/api.w.org\/{rel}","templated":true}]}}