{"id":3683,"date":"2018-04-13T16:13:44","date_gmt":"2018-04-13T16:13:44","guid":{"rendered":"http:\/\/streamexico.com\/?p=3683"},"modified":"2018-04-13T16:13:44","modified_gmt":"2018-04-13T16:13:44","slug":"la-edad-minima-para-usar-whatsapp-subira-pronto-de-13-a-16-anos-y-no-servira-de-nada","status":"publish","type":"post","link":"https:\/\/streamexico.com\/home\/la-edad-minima-para-usar-whatsapp-subira-pronto-de-13-a-16-anos-y-no-servira-de-nada\/","title":{"rendered":"La edad m\u00ednima para usar WhatsApp subir\u00e1 pronto de 13 a 16 a\u00f1os, y no servir\u00e1 de nada"},"content":{"rendered":"<p style=\"text-align: justify;\">Solemos decir que los tiempos est\u00e1n cambiando, pero lo cierto es que ya han cambiado. Al menos en lo relativo a la telefon\u00eda m\u00f3vil, pues aquellos m\u00f3viles que s\u00f3lo llamaban y enviaban mensajes se convirtieron en ordenadores personales de bolsillo, y el uso que hac\u00edamos de ellos vari\u00f3 tan dr\u00e1sticamente que\u00a0<strong>hoy son los dispositivos electr\u00f3nicos que lo dominan todo<\/strong>.<\/p>\n<p style=\"text-align: justify;\">Y como cambios, cambiaron nuestras costumbres y\u00a0<a href=\"https:\/\/www.xatakamovil.com\/movil-y-sociedad\/los-moviles-cada-vez-desde-edades-mas-tempranas-y-sin-vigilancia-paterna-debe-empezar-asi-el-primer-contacto\">la franja de edad a la que accedemos a ellos<\/a>. La mensajer\u00eda m\u00f3vil as\u00edncrona ha arrasado con cualquier otro m\u00e9todo de comunicaci\u00f3n y, por tanto, damos m\u00f3viles a los m\u00e1s peque\u00f1os mucho antes. Queremos que est\u00e9n localizables cuando salen a la calle, es inevitable.\u00a0<strong>Ahora WhatsApp pretende elevar el list\u00f3n de edad<\/strong>. Lo pretende, pues es complicado que lo consiga.<\/p>\n<div class=\"article-asset-image article-asset-normal\" style=\"text-align: justify;\">\n<div class=\"asset-content\">\n<div id=\"sunmedia\"><\/div>\n<\/div>\n<\/div>\n<h2 style=\"text-align: justify;\">Nadie lee los t\u00e9rminos y condiciones que acepta<\/h2>\n<p style=\"text-align: justify;\"><strong>WhatsApp ha cambiado sus t\u00e9rminos y condiciones<\/strong>, y su cambio coincide al mismo tiempo con los problemas en los que anda metido Mark Zuckerberg por\u00a0<a href=\"https:\/\/www.xataka.com\/privacidad\/mark-zuckerberg-recolectamos-datos-de-personas-que-no-se-han-registrado-en-facebook-por-propositos-de-seguridad\">la gesti\u00f3n de los datos de los usuarios de Facebook<\/a>, y con la entrada en vigor\u00a0<a href=\"https:\/\/www.xataka.com\/aplicaciones\/los-menores-de-16-anos-dejaran-de-poder-utilizar-whatsapp-facebook-empieza-a-adaptarse-a-la-gdpr\">de la GDPR en Europa<\/a>. Tambi\u00e9n con la llegada de un\u00a0<a href=\"https:\/\/www.xatakamovil.com\/aplicaciones\/asi-funciona-whatsapp-business-la-aplicacion-de-mensajeria-instantanea-para-empresas\">WhatsApp para Empresas<\/a>\u00a0que permitir\u00e1 usar la conocida aplicaci\u00f3n como un sistema de atenci\u00f3n al cliente instant\u00e1neo y gratuito.<\/p>\n<p style=\"text-align: justify;\">Sea como fuere, el l\u00edmite de edad para acceder a WhatsApp era de 13 a\u00f1os y ahora sube 3 a\u00f1os m\u00e1s. Los nuevos t\u00e9rminos y condiciones, que se estima estar\u00e1n operativos el 25 de mayo,\u00a0<a href=\"https:\/\/www.xataka.com\/legislacion-y-derechos\/gdpr-rgpd-que-es-y-como-va-a-cambiar-internet-la-nueva-ley-de-proteccion-de-datos\">fecha de inicio de la regulaci\u00f3n<\/a>, especifican que\u00a0<strong>hay que tener como m\u00ednimo 16 a\u00f1os para poder tener una cuenta de usuario en WhatsApp<\/strong>. Un sistema para intentar que los m\u00e1s j\u00f3venes accedan m\u00e1s tarde.<\/p>\n<p style=\"text-align: justify;\">WhatsApp se beneficiar\u00e1, a su vez, en materia de\u00a0<strong>responsabilidades legales<\/strong>, o de Facebook en su defecto, si algo ocurriese a los menores edad durante el uso de la aplicaci\u00f3n. Como ya denunci\u00f3 Reino Unido sobre el cifrado de la aplicaci\u00f3n, la instauraci\u00f3n de la encriptaci\u00f3n en las comunicaciones de WhatsApp pod\u00eda dar\u00a0<a href=\"https:\/\/www.xatakamovil.com\/seguridad\/reino-unido-carga-contra-el-cifrado-de-whatsapp-por-permitir-operar-a-pedofilos-y-delincuentes\">cobertura a ped\u00f3filos y delincuentes<\/a>.<\/p>\n<blockquote class=\"twitter-tweet\" data-width=\"550\" data-dnt=\"true\">\n<p lang=\"en\" dir=\"ltr\">NEWS:<br \/>In order to respect new WhatsApp Terms of Service (available in future, ****maybe**** no later than 25 May), WhatsApp requires you to be at least 16 years old to use their services (13 is minimum age, currently).<\/p>\n<p>&mdash; WABetaInfo (@WABetaInfo) <a href=\"https:\/\/twitter.com\/WABetaInfo\/status\/984537924187426816?ref_src=twsrc%5Etfw\">April 12, 2018<\/a><\/p><\/blockquote>\n<p><script async src=\"https:\/\/platform.twitter.com\/widgets.js\" charset=\"utf-8\"><\/script><\/p>\n<p style=\"text-align: justify;\">\n<p style=\"text-align: justify;\">Sin embargo, en la actualidad ya hay menores de 13 a\u00f1os que acceden a WhatsApp, y con toda seguridad habr\u00e1 menores de 16 a\u00f1os que lo hagan en cuanto se active el nuevo l\u00edmite. El motivo es sencillo, simplemente hay que aceptar las condiciones de uso a la hora de instalar la aplicaci\u00f3n, y\u00a0<strong>habitualmente ni la leen los hijos ni tampoco los padres<\/strong>.<\/p>\n<p style=\"text-align: justify;\">Si hay menores en pel\u00edculas para edades m\u00e1s avanzadas en el cine, y muchas veces acompa\u00f1ados de sus propios padres, \u00bfqu\u00e9 va a impedir este cambio en unas condiciones de uso a la hora de que sigan accediendo a WhatsApp con regularidad? Posiblemente nada. Pero siempre es bueno saber que el l\u00edmite va a cambiar.\u00a0<strong>Recordad, 16 a\u00f1os como m\u00ednimo. Aunque nadie lo respete.<\/strong><\/p>\n<p style=\"text-align: justify;\">\n<p style=\"text-align: justify;\">[xatakamovil.com]<\/p>\n","protected":false},"excerpt":{"rendered":"<p>Solemos decir que los tiempos est\u00e1n cambiando, pero lo cierto es que ya han cambiado. Al menos en lo relativo a la telefon\u00eda m\u00f3vil, pues aquellos m\u00f3viles que s\u00f3lo llamaban y enviaban mensajes se convirtieron en ordenadores personales de bolsillo, y el uso que hac\u00edamos&#8230;<\/p>\n","protected":false},"author":1,"featured_media":3684,"comment_status":"closed","ping_status":"closed","sticky":false,"template":"","format":"standard","meta":[],"categories":[22],"tags":[],"_links":{"self":[{"href":"https:\/\/streamexico.com\/home\/wp-json\/wp\/v2\/posts\/3683"}],"collection":[{"href":"https:\/\/streamexico.com\/home\/wp-json\/wp\/v2\/posts"}],"about":[{"href":"https:\/\/streamexico.com\/home\/wp-json\/wp\/v2\/types\/post"}],"author":[{"embeddable":true,"href":"https:\/\/streamexico.com\/home\/wp-json\/wp\/v2\/users\/1"}],"replies":[{"embeddable":true,"href":"https:\/\/streamexico.com\/home\/wp-json\/wp\/v2\/comments?post=3683"}],"version-history":[{"count":1,"href":"https:\/\/streamexico.com\/home\/wp-json\/wp\/v2\/posts\/3683\/revisions"}],"predecessor-version":[{"id":3685,"href":"https:\/\/streamexico.com\/home\/wp-json\/wp\/v2\/posts\/3683\/revisions\/3685"}],"wp:featuredmedia":[{"embeddable":true,"href":"https:\/\/streamexico.com\/home\/wp-json\/wp\/v2\/media\/3684"}],"wp:attachment":[{"href":"https:\/\/streamexico.com\/home\/wp-json\/wp\/v2\/media?parent=3683"}],"wp:term":[{"taxonomy":"category","embeddable":true,"href":"https:\/\/streamexico.com\/home\/wp-json\/wp\/v2\/categories?post=3683"},{"taxonomy":"post_tag","embeddable":true,"href":"https:\/\/streamexico.com\/home\/wp-json\/wp\/v2\/tags?post=3683"}],"curies":[{"name":"wp","href":"https:\/\/api.w.org\/{rel}","templated":true}]}}