{"id":4345,"date":"2019-02-08T01:25:48","date_gmt":"2019-02-08T01:25:48","guid":{"rendered":"http:\/\/streamexico.com\/?p=4345"},"modified":"2019-02-08T01:25:48","modified_gmt":"2019-02-08T01:25:48","slug":"alemania-prohibe-que-whatsapp-e-instagram-compartan-datos-con-facebook-sin-consentimiento","status":"publish","type":"post","link":"https:\/\/streamexico.com\/home\/alemania-prohibe-que-whatsapp-e-instagram-compartan-datos-con-facebook-sin-consentimiento\/","title":{"rendered":"Alemania proh\u00edbe que WhatsApp e Instagram compartan datos con Facebook sin consentimiento"},"content":{"rendered":"<div class=\"qode-post-text-main\">\n<div data-cnt=\"1\">\n<h2 class=\"subtitulo\" style=\"text-align: justify;\">El organismo regulador que pretende evitar que se recopilen los \u00abme gusta\u00bb de sus usuariosm, acusa a la multinacional estadounidense de pr\u00e1cticas \u00ababusivas\u00bb e \u00abinjustas para la competencia\u00bb<\/h2>\n<\/div>\n<div style=\"text-align: justify;\" data-cnt=\"1\"><img src=\"https:\/\/www.abc.es\/media\/tecnologia\/2019\/02\/07\/banderagermany-kKtE--620x349@abc.jpg\" \/><\/div>\n<\/div>\n<div style=\"text-align: justify;\" data-cnt=\"1\"><\/div>\n<div style=\"text-align: justify;\" data-cnt=\"1\"><\/div>\n<div style=\"text-align: justify;\" data-cnt=\"1\">\n<p>Facebook vuelve a encontrarse con\u00a0<strong>un nuevo obst\u00e1culo interpuesto por las autoridades alemanas<\/strong>\u00a0y en este caso el obst\u00e1culo afecta a la l\u00ednea de flotaci\u00f3n de su negocio de recopilaci\u00f3n de datos. La Oficina Federal Antimonopolio de Alemania ha\u00a0<a href=\"https:\/\/www.bundeskartellamt.de\/SharedDocs\/Meldung\/EN\/Pressemitteilungen\/2019\/07_02_2019_Facebook.html\" target=\"_blank\" rel=\"noopener\">anunciado\u00a0<\/a>la prohibici\u00f3n a la red social de recopilar datos a trav\u00e9s de terceros, lo que significa que, por ejemplo, no podr\u00e1 recopilar los datos generados mediante el bot\u00f3n de \u00ab<strong>Me gusta<\/strong>\u00bb, los llamados \u00ablikes\u00bb, una pr\u00e1ctica que tacha de \u00ababusiva\u00bb e \u00abinjusta para la competencia\u00bb.<\/p>\n<div id=\"hybs-mslot-c91aa03c-0\" class=\"hybs-mslot\"><\/div>\n<p>Las autoridades de la competencia alemanas basan su decisi\u00f3n en el hecho de que Facebook desempe\u00f1a una posici\u00f3n dominante en el mercado y en la\u00a0<strong>valoraci\u00f3n de que est\u00e1 abusando de ella<\/strong>. Facebook ha\u00a0<a href=\"https:\/\/newsroom.fb.com\/news\/2019\/02\/bundeskartellamt-order\/\" target=\"_blank\" rel=\"noopener\">comunicado\u00a0<\/a>que tiene previsto recurrir la decisi\u00f3n ante la Justicia y se juega mucho en ese recurso, porque el caso podr\u00eda sentar un precedente europeo,\u00a0<strong>vinculando por primera vez en la jurisprudencia la protecci\u00f3n de datos con la defensa de la competencia.\u00a0<\/strong>El caso seguramente pasar\u00e1 por numerosas instancias judiciales y lo har\u00e1 durante a\u00f1os, pero de momento en Alemania Facebook tiene prohibida gran parte de la recopilaci\u00f3n de datos que ven\u00eda efectuando hasta ahora.<\/p>\n<div id=\"hybs-mslot-c91aa03c-1\" class=\"hybs-mslot\"><\/div>\n<p>El organismo antimonopolio tambi\u00e9n proh\u00edbe a Facebook relacionar losdatos recabados en otras p\u00e1ginas web con las informaciones que recoge sobre los usuarios dentro de la propia red social. Las autoridades alemanas toman como terceras fuentes las aplicaciones\u00a0<strong>pertenecientes al grupo Facebook como Instagram y WhatsApp<\/strong>. Una vez establecidas estas nuevas normas de funcionamiento, emplazan adem\u00e1s a Facebook a modificar estaspr\u00e1cticas en el plazo de un a\u00f1o y\u00a0<strong>a presentar propuestas de soluciones en el t\u00e9rmino de cuatro meses.<\/strong><\/p>\n<div id=\"hybs-mslot-c91aa03c-2\" class=\"hybs-mslot\"><\/div>\n<aside class=\"roba-intercalado sin-fondo layer_inpage\">\n<div id=\"google_ads_iframe_\/4900\/vocento.abc\/tecnologia\/redes_5__container__\"><iframe id=\"google_ads_iframe_\/4900\/vocento.abc\/tecnologia\/redes_5\" title=\"3rd party ad content\" name=\"google_ads_iframe_\/4900\/vocento.abc\/tecnologia\/redes_5\" width=\"1\" height=\"1\" frameborder=\"0\" marginwidth=\"0\" marginheight=\"0\" scrolling=\"no\" data-google-container-id=\"a\" data-load-complete=\"true\" data-mce-fragment=\"1\"><\/iframe><\/div>\n<\/aside>\n<div id=\"hybs-mslot-c91aa03c-3\" class=\"hybs-mslot\"><\/div>\n<p>La red social tiene solamente un mes para apelar la decisi\u00f3n ante el\u00a0<strong>Tribunal Regional de D\u00fcsseldorf\u00a0<\/strong>y los responsables de la empresa en Alemania est\u00e1n ya manos a la obra, argumentando que la red social es popular, pero no dominante en el mercado alem\u00e1n y asegurando que no viola las disposiciones europeas de protecci\u00f3n de datos. Adem\u00e1s, alegan que la vigilancia del cumplimiento de estas normas compete a las autoridades de protecci\u00f3n de datos y no de defensa de la competencia.<\/p>\n<div id=\"hybs-mslot-c91aa03c-4\" class=\"hybs-mslot\"><\/div>\n<p>Durante las \u00faltimas semanas y sin duda buscando un trato m\u00e1s indulgente por parte de las autoridades alemanas, Facebook se hab\u00eda puesto en contacto con el gobierno de Berl\u00edn para mostrar su af\u00e1n por colaborar y ofreciendo su ayuda para proteger la seguridad inform\u00e1tica de las pr\u00f3ximas elecciones europeas.\u00a0<strong>Sherly Sandberg<\/strong>, jefa de operaciones de la red social en M\u00fanich, explic\u00f3 que la compa\u00f1\u00eda norteamericana est\u00e1 dispuesta a trabajar junto a la Oficina Federal de Informaci\u00f3n y Seguridad alemana para evitar las interferencias en los comicios europeos.<\/p>\n<div id=\"hybs-mslot-c91aa03c-5\" class=\"hybs-mslot\"><\/div>\n<p>\u00abLos \u00faltimos a\u00f1os han sido muy complicados en Facebook\u00bb, reconoc\u00eda, \u00absabemos que tenemos que hacerlo mejor y anticiparnos a los riesgos que vienen de conectar a tanta gente\u00bb. En esta l\u00ednea, llamaba la atenci\u00f3n sobre el hecho de que Facebook \u00abn<strong>o es la misma compa\u00f1\u00eda que era en 2006 o incluso hace un a\u00f1o<\/strong>\u00bb y anunciaba una inversi\u00f3n de 7,5 millones de d\u00f3lares en investigaci\u00f3n sobre la \u00e9tica de la inteligencia artificial junto a la Universidad T\u00e9cnica de M\u00fanich. Pero, a la luz de los hechos, no ha servido de mucho.<\/p>\n<div id=\"hybs-mslot-c91aa03c-6\" class=\"hybs-mslot\"><\/div>\n<p>El pasado viernes, la canciller Merkel anunci\u00f3 el cierre de su p\u00e1gina de Facebook,\u00a0<strong>con m\u00e1s de 2,5 millones de seguidores<\/strong>, augurando as\u00ed un empeoramiento de las relaciones entre el gobierno de Berl\u00edn y la red social. La canciller alemana explic\u00f3 que lo hac\u00eda porque ya no dirige el partido Uni\u00f3n Cristiano Dem\u00f3crata (CDI), despu\u00e9s de que su mano derecha Annegret Kramp-Karrenbauer tomase el relevo de ese puesto el pasado mes de diciembre. Merkel invit\u00f3 a sus seguidores a que \u00ab<strong>contin\u00faen el seguimiento de mi trabajo como canciller<\/strong>\u00bb a trav\u00e9s de la cuenta de la \u00abBundeskanzlerin\u00bb (canciller federal) en Instagram.<\/p>\n<p>Merkel, muy activa en internet y redes sociales, nunca ha mostrado sin embargo gran inter\u00e9s por Facebook, una red social en la que ven\u00eda siendo su equipo el que manten\u00eda activa la cuenta. Preguntada en 2015 qu\u00e9 pensaba de Facebook,<strong>\u00a0respondi\u00f3 que \u00abest\u00e1 bien tenerlo, como est\u00e1 bien tener un coche o una lavadora decente<\/strong>\u00bb. Este desapego se ha traducido en una estrategia distante por parte de las autoridades alemanas y muy cr\u00edtica con el manejo de datos y de la privacidad de los usuarios que lleva a cabo la red social.<\/p>\n<p>La Oficina Federal Antimonopolio ha investigado hasta ahora s\u00f3lo la recolecci\u00f3n de datos fuera de la plataforma principal de Facebook a trav\u00e9s del bot\u00f3n de \u00abMe gusta\u00bb\u00a0<strong>o de la herramienta de an\u00e1lisis de datos Facebook Analytics<\/strong>. Uno de los principales puntos de cr\u00edtica del organismo alem\u00e1n es que el usuario est\u00e1 obligado a aceptar la recolecci\u00f3n de datos \u00aben un paquete integral\u00bb para poder emplear la red y cuenta con que los responsables de la red social logren encontrar con rapidez una alternativa que permita con efectividad a los usuarios mantener el control sobre los datos que comparten.<\/p>\n<aside class=\"modulo temas\"><\/aside>\n<\/div>\n<div class=\"qode-post-text-main\">\n<div style=\"text-align: justify;\" data-cnt=\"1\">[abc.es]<\/div>\n<\/div>\n<div class=\"qode-post-info-bottom clearfix\"><\/div>\n","protected":false},"excerpt":{"rendered":"<p>El organismo regulador que pretende evitar que se recopilen los \u00abme gusta\u00bb de sus usuariosm, acusa a la multinacional estadounidense de pr\u00e1cticas \u00ababusivas\u00bb e \u00abinjustas para la competencia\u00bb Facebook vuelve a encontrarse con\u00a0un nuevo obst\u00e1culo interpuesto por las autoridades alemanas\u00a0y en este caso el obst\u00e1culo&#8230;<\/p>\n","protected":false},"author":1,"featured_media":4346,"comment_status":"closed","ping_status":"closed","sticky":false,"template":"","format":"standard","meta":[],"categories":[22],"tags":[],"_links":{"self":[{"href":"https:\/\/streamexico.com\/home\/wp-json\/wp\/v2\/posts\/4345"}],"collection":[{"href":"https:\/\/streamexico.com\/home\/wp-json\/wp\/v2\/posts"}],"about":[{"href":"https:\/\/streamexico.com\/home\/wp-json\/wp\/v2\/types\/post"}],"author":[{"embeddable":true,"href":"https:\/\/streamexico.com\/home\/wp-json\/wp\/v2\/users\/1"}],"replies":[{"embeddable":true,"href":"https:\/\/streamexico.com\/home\/wp-json\/wp\/v2\/comments?post=4345"}],"version-history":[{"count":1,"href":"https:\/\/streamexico.com\/home\/wp-json\/wp\/v2\/posts\/4345\/revisions"}],"predecessor-version":[{"id":4347,"href":"https:\/\/streamexico.com\/home\/wp-json\/wp\/v2\/posts\/4345\/revisions\/4347"}],"wp:featuredmedia":[{"embeddable":true,"href":"https:\/\/streamexico.com\/home\/wp-json\/wp\/v2\/media\/4346"}],"wp:attachment":[{"href":"https:\/\/streamexico.com\/home\/wp-json\/wp\/v2\/media?parent=4345"}],"wp:term":[{"taxonomy":"category","embeddable":true,"href":"https:\/\/streamexico.com\/home\/wp-json\/wp\/v2\/categories?post=4345"},{"taxonomy":"post_tag","embeddable":true,"href":"https:\/\/streamexico.com\/home\/wp-json\/wp\/v2\/tags?post=4345"}],"curies":[{"name":"wp","href":"https:\/\/api.w.org\/{rel}","templated":true}]}}