{"id":4450,"date":"2019-03-05T18:51:51","date_gmt":"2019-03-05T18:51:51","guid":{"rendered":"http:\/\/streamexico.com\/?p=4450"},"modified":"2019-03-05T18:54:54","modified_gmt":"2019-03-05T18:54:54","slug":"las-imagenes-del-iphone-plegable-que-solicito-patentar-apple","status":"publish","type":"post","link":"https:\/\/streamexico.com\/home\/las-imagenes-del-iphone-plegable-que-solicito-patentar-apple\/","title":{"rendered":"Las im\u00e1genes del iPhone plegable que solicit\u00f3 patentar Apple"},"content":{"rendered":"<article id=\"post-4447\" class=\"post-4447 post type-post status-publish format-standard has-post-thumbnail hentry category-noticiasmkt\">\n<div class=\"post_content_holder\">\n<div class=\"post_text\">\n<div class=\"post_text_inner\">\n<article id=\"post-4447\" class=\"post-4447 post type-post status-publish format-standard has-post-thumbnail hentry category-noticiasmkt\">\n<div class=\"post_content_holder\">\n<div class=\"post_text\">\n<div class=\"post_text_inner\">\n<div id=\"f0UvkDQFlKfxfr\" class=\"wrapper clearfix col-lg-12 pb-feature pb-layout-item pb-f-article-header col-md-12 col-sm-12 col-xs-12 no-align\">\n<div class=\"row\" style=\"text-align: justify;\">\n<header class=\"article-header hed-first col-sm-12\"><span class=\"subheadline\">La compa\u00f1\u00eda inici\u00f3 el tr\u00e1mite y estar\u00eda probando prototipos de display oled flexibles<\/span><\/header>\n<\/div>\n<\/div>\n<div id=\"fEiUD92FlKfxfr\" class=\"wrapper clearfix col-lg-12 col-md-12 pb-feature pb-layout-item pb-f-article-byline col-sm-12 col-xs-12 no-align\" style=\"text-align: justify;\">\n<div class=\"byline col-xs-12 col-print-12\"><img src=\"https:\/\/www.infobae.com\/new-resizer\/6ZqNLCiuDaumCV4rIZjTvAPFQGw=\/750x0\/filters:quality(100)\/s3.amazonaws.com\/arc-wordpress-client-uploads\/infobae-wp\/wp-content\/uploads\/2019\/03\/05103129\/iPhone-plegable.jpg\" alt=\"Im\u00c3\u00a1genes del m\u00c3\u00b3vil plegable que est\u00c3\u00a1 en la solicitud de patente que present\u00c3\u00b3 Apple (USPTO).\" \/><\/div>\n<\/div>\n<\/div>\n<\/div>\n<\/div>\n<\/article>\n<\/div>\n<\/div>\n<\/div>\n<\/article>\n<div style=\"text-align: justify;\"><\/div>\n<div style=\"text-align: justify;\"><\/div>\n<div style=\"text-align: justify;\"><\/div>\n<div style=\"text-align: justify;\"><\/div>\n<div style=\"text-align: justify;\">\n<div class=\"row pb-content-type-image\">\n<figure class=\"element element-image col-xs-12\"><figcaption class=\"\"><span class=\"credit\">Im\u00e1genes del m\u00f3vil plegable que est\u00e1 en la solicitud de patente que present\u00f3 Apple (USPTO).<\/span><\/figcaption><\/figure>\n<\/div>\n<div class=\"row pb-content-type-text\">\n<div class=\"col-xs-12 col-print-12\">\n<p class=\"element element-paragraph\">Apple present\u00f3 una solicitud de patente para un dispositivo con una pantalla capaz de plegarse. Se trata de una actualizaci\u00f3n de una patente que fue aprobada en 2016 por Oficina de Patentes y Marcas de Estados Unidos.<\/p>\n<\/div>\n<\/div>\n<div class=\"row pb-content-type-text\">\n<div class=\"col-xs-12 col-print-12\">\n<p class=\"element element-paragraph\">Por lo que se describe, se tratar\u00eda de un dispositivo m\u00f3vil aunque no se especifica si es un m\u00f3vil, iPad o cualquier otro equipo.\u00a0<a href=\"http:\/\/pdfaiw.uspto.gov\/.aiw?PageNum=0&amp;docid=20190053388&amp;IDKey=852C82801B1C&amp;HomeUrl=http%3A%2F%2Fappft.uspto.gov%2Fnetacgi%2Fnph-Parser%3FSect1%3DPTO2%2526Sect2%3DHITOFF%2526p%3D1%2526u%3D%25252Fnetahtml%25252FPTO%25252Fsearch-bool.html%2526r%3D1%2526f%3DG%2526l%3D50%2526co1%3DAND%2526d%3DPG01%2526s1%3D%252522flexible%252Bdisplay%252Bdevices%252522%2526OS%3D%252522flexible%252Bdisplay%252Bdevices%252522%2526RS%3D%252522flexible%252Bdisplay%252Bdevices%252522\" target=\"_blank\" rel=\"noopener\">En el documento se especifica\u00a0el sistema de bisagra\u00a0<\/a>que permitir\u00eda doblar el equipo en dos y tres partes.<\/p>\n<\/div>\n<\/div>\n<div class=\"row pb-content-type-image\">\n<figure class=\"element element-image col-xs-12\">\n<div class=\"single-image\">\n<div class=\"shares\">\n<div class=\"share-button facebook\" data-url=\"https:\/\/www.infobae.com\/america\/tecno\/2019\/03\/05\/las-imagenes-del-iphone-plegable-que-solicito-patentar-apple\/%23J4TAT3OQENH27OCZNO7RYLSQM4\" data-original=\"https:\/\/s3.amazonaws.com\/arc-wordpress-client-uploads\/infobae-wp\/wp-content\/uploads\/2019\/03\/05113759\/iPhone-plegable-5.jpg\"><\/div>\n<\/div>\n<p><img loading=\"lazy\" id=\"J4TAT3OQENH27OCZNO7RYLSQM4\" class=\"image-lazy\" src=\"https:\/\/www.infobae.com\/new-resizer\/RDg5vHK6u2odaodnOITZEiYzcPM=\/750x0\/filters:quality(100)\/s3.amazonaws.com\/arc-wordpress-client-uploads\/infobae-wp\/wp-content\/uploads\/2019\/03\/05113759\/iPhone-plegable-5.jpg\" alt=\"El equipo se puede dobla como un libro (USPTO).\" width=\"750\" height=\"559.4944512946979\" data-url=\"https:\/\/www.infobae.com\/america\/tecno\/2019\/03\/05\/las-imagenes-del-iphone-plegable-que-solicito-patentar-apple\/%23J4TAT3OQENH27OCZNO7RYLSQM4\" data-original=\"https:\/\/www.infobae.com\/new-resizer\/RDg5vHK6u2odaodnOITZEiYzcPM=\/750x0\/filters:quality(100)\/s3.amazonaws.com\/arc-wordpress-client-uploads\/infobae-wp\/wp-content\/uploads\/2019\/03\/05113759\/iPhone-plegable-5.jpg\" \/><\/p>\n<\/div><figcaption class=\"\"><span class=\"credit\">El equipo se puede dobla como un libro (USPTO).<\/span><\/figcaption><\/figure>\n<\/div>\n<div class=\"row pb-content-type-text\">\n<div class=\"col-xs-12 col-print-12\">\n<p class=\"element element-paragraph\">La actualizaci\u00f3n de patente se present\u00f3 en octubre y trascendi\u00f3 recientemente luego de que fuera difundida por varios algunos especializados. Cabe recordar que no es la primera vez que se escucha un rumor sobre las intenciones de Apple de lanzar un equipo plegable.<\/p>\n<\/div>\n<\/div>\n<div class=\"row pb-content-type-text\">\n<div id=\"\" class=\"wrapper clearfix pb-feature pb-layout-item pb-f-ads-dfp left-align\">\n<div id=\"inline\" class=\"ad-slot\">\n<div id=\"inline_ad\" data-google-query-id=\"CIKyru7T6-ACFc2SZAoddgsHbA\">\n<div id=\"google_ads_iframe_\/1058609\/america\/tecno\/nota\/inline_0__container__\"><iframe id=\"google_ads_iframe_\/1058609\/america\/tecno\/nota\/inline_0\" title=\"3rd party ad content\" name=\"google_ads_iframe_\/1058609\/america\/tecno\/nota\/inline_0\" width=\"1\" height=\"1\" frameborder=\"0\" marginwidth=\"0\" marginheight=\"0\" scrolling=\"no\" data-google-container-id=\"6\" data-load-complete=\"true\"><\/iframe><\/div>\n<\/div>\n<\/div>\n<\/div>\n<div class=\"col-xs-12 col-print-12\">\n<p class=\"element element-paragraph\">Hace a\u00f1os que se viene hablando sobre un iPhone flexible. Aunque, quiz\u00e1s, ahora el concepto est\u00e9 m\u00e1s cerca de hacerse realidad, teniendo en cuenta que los m\u00f3viles plegables reinaron en el<a href=\"https:\/\/www.infobae.com\/tag\/mwc-2019\/\" target=\"_blank\" rel=\"noopener\">\u00a0MWC que se hizo recientemente en Barcelona.<\/a><\/p>\n<\/div>\n<\/div>\n<div class=\"row pb-content-type-image\">\n<figure class=\"element element-image col-xs-12\">\n<div class=\"single-image\">\n<div class=\"shares\">\n<div class=\"share-button facebook\" data-url=\"https:\/\/www.infobae.com\/america\/tecno\/2019\/03\/05\/las-imagenes-del-iphone-plegable-que-solicito-patentar-apple\/%23XI4JD2G5R5E2TMNK24G6IGA72Y\" data-original=\"https:\/\/s3.amazonaws.com\/arc-wordpress-client-uploads\/infobae-wp\/wp-content\/uploads\/2019\/03\/05103213\/iPhone-plegable-2.jpg\"><\/div>\n<\/div>\n<p><img loading=\"lazy\" id=\"XI4JD2G5R5E2TMNK24G6IGA72Y\" class=\"image-lazy\" src=\"https:\/\/www.infobae.com\/new-resizer\/ZosmvVuNLW_OXFqRaaLAgM6JZSc=\/750x0\/filters:quality(100)\/s3.amazonaws.com\/arc-wordpress-client-uploads\/infobae-wp\/wp-content\/uploads\/2019\/03\/05103213\/iPhone-plegable-2.jpg\" alt=\"El sistema de bisagra para plegar el equipo (USPTO).\" width=\"750\" height=\"418.00246609124537\" data-url=\"https:\/\/www.infobae.com\/america\/tecno\/2019\/03\/05\/las-imagenes-del-iphone-plegable-que-solicito-patentar-apple\/%23XI4JD2G5R5E2TMNK24G6IGA72Y\" data-original=\"https:\/\/www.infobae.com\/new-resizer\/ZosmvVuNLW_OXFqRaaLAgM6JZSc=\/750x0\/filters:quality(100)\/s3.amazonaws.com\/arc-wordpress-client-uploads\/infobae-wp\/wp-content\/uploads\/2019\/03\/05103213\/iPhone-plegable-2.jpg\" \/><\/p>\n<\/div><figcaption class=\"\"><span class=\"credit\">El sistema de bisagra para plegar el equipo (USPTO).<\/span><\/figcaption><\/figure>\n<\/div>\n<div class=\"row pb-content-type-text\">\n<div class=\"col-xs-12 col-print-12\">\n<p class=\"element element-paragraph\">Por otra parte, seg\u00fan el sitio\u00a0<em>ETNews<\/em>, Samsung le habr\u00eda ofrecido a Apple unos prototipos de paneles flexibles de 7,2 pulgadas para que los pruebe. Esto dar\u00eda a pensar que la idea est\u00e1 m\u00e1s cerca de hacerse realidad.<\/p>\n<\/div>\n<\/div>\n<div class=\"row pb-content-type-image\">\n<figure class=\"element element-image col-xs-12\">\n<div class=\"single-image\">\n<div class=\"shares\">\n<div class=\"share-button facebook\" data-url=\"https:\/\/www.infobae.com\/america\/tecno\/2019\/03\/05\/las-imagenes-del-iphone-plegable-que-solicito-patentar-apple\/%235L2ISFVH2RFWPCUH2NPA5X6EDA\" data-original=\"https:\/\/s3.amazonaws.com\/arc-wordpress-client-uploads\/infobae-wp\/wp-content\/uploads\/2019\/03\/05113714\/iphone-plegable-3.jpg\"><\/div>\n<\/div>\n<p><img loading=\"lazy\" id=\"5L2ISFVH2RFWPCUH2NPA5X6EDA\" class=\"image-lazy\" src=\"https:\/\/www.infobae.com\/new-resizer\/3DJuPDY0meEpzFy5pwwF4ORjQLg=\/750x0\/filters:quality(100)\/s3.amazonaws.com\/arc-wordpress-client-uploads\/infobae-wp\/wp-content\/uploads\/2019\/03\/05113714\/iphone-plegable-3.jpg\" alt=\"En los planos se describe en detalle las caracter\u00edsticas del dispositivo (USPTO).\" width=\"750\" height=\"565.9679408138101\" data-url=\"https:\/\/www.infobae.com\/america\/tecno\/2019\/03\/05\/las-imagenes-del-iphone-plegable-que-solicito-patentar-apple\/%235L2ISFVH2RFWPCUH2NPA5X6EDA\" data-original=\"https:\/\/www.infobae.com\/new-resizer\/3DJuPDY0meEpzFy5pwwF4ORjQLg=\/750x0\/filters:quality(100)\/s3.amazonaws.com\/arc-wordpress-client-uploads\/infobae-wp\/wp-content\/uploads\/2019\/03\/05113714\/iphone-plegable-3.jpg\" \/><\/p>\n<\/div><figcaption class=\"\"><span class=\"credit\">En los planos se describe en detalle las caracter\u00edsticas del dispositivo (USPTO).<\/span><\/figcaption><\/figure>\n<\/div>\n<div class=\"row pb-content-type-text\">\n<div class=\"col-xs-12 col-print-12\">\n<p class=\"element element-paragraph\">Samsung present\u00f3 el 20 de febrero\u00a0<a href=\"https:\/\/www.infobae.com\/america\/tecno\/2019\/02\/20\/asi-es-el-samsung-galaxy-fold-el-celular-plegable-con-seis-camaras\/\" target=\"_blank\" rel=\"noopener\">el Galaxy Fold, su m\u00f3vil plegable.<\/a>\u00a0Adem\u00e1s, la surcoreana le provee a Apple de las pantalla Oled que est\u00e1n en algunos de los \u00faltimos iPhones, con lo cual no sorprender\u00eda ver una nueva colaboraci\u00f3n entre las dos empresas para este proyecto.<\/p>\n<\/div>\n<\/div>\n<div class=\"row pb-content-type-text\">\n<div class=\"col-xs-12 col-print-12\"><\/div>\n<\/div>\n<div><\/div>\n<\/div>\n<article id=\"post-4447\" class=\"post-4447 post type-post status-publish format-standard has-post-thumbnail hentry category-noticiasmkt\">\n<div class=\"post_content_holder\">\n<div class=\"post_text\">\n<div class=\"post_text_inner\">\n<p style=\"text-align: justify;\">[infobae.com]<\/p>\n<\/div>\n<\/div>\n<\/div>\n<\/article>\n","protected":false},"excerpt":{"rendered":"<p>La compa\u00f1\u00eda inici\u00f3 el tr\u00e1mite y estar\u00eda probando prototipos de display oled flexibles Im\u00e1genes del m\u00f3vil plegable que est\u00e1 en la solicitud de patente que present\u00f3 Apple (USPTO). Apple present\u00f3 una solicitud de patente para un dispositivo con una pantalla capaz de plegarse. Se trata&#8230;<\/p>\n","protected":false},"author":1,"featured_media":1813,"comment_status":"closed","ping_status":"closed","sticky":false,"template":"","format":"standard","meta":[],"categories":[22],"tags":[],"_links":{"self":[{"href":"https:\/\/streamexico.com\/home\/wp-json\/wp\/v2\/posts\/4450"}],"collection":[{"href":"https:\/\/streamexico.com\/home\/wp-json\/wp\/v2\/posts"}],"about":[{"href":"https:\/\/streamexico.com\/home\/wp-json\/wp\/v2\/types\/post"}],"author":[{"embeddable":true,"href":"https:\/\/streamexico.com\/home\/wp-json\/wp\/v2\/users\/1"}],"replies":[{"embeddable":true,"href":"https:\/\/streamexico.com\/home\/wp-json\/wp\/v2\/comments?post=4450"}],"version-history":[{"count":2,"href":"https:\/\/streamexico.com\/home\/wp-json\/wp\/v2\/posts\/4450\/revisions"}],"predecessor-version":[{"id":4453,"href":"https:\/\/streamexico.com\/home\/wp-json\/wp\/v2\/posts\/4450\/revisions\/4453"}],"wp:featuredmedia":[{"embeddable":true,"href":"https:\/\/streamexico.com\/home\/wp-json\/wp\/v2\/media\/1813"}],"wp:attachment":[{"href":"https:\/\/streamexico.com\/home\/wp-json\/wp\/v2\/media?parent=4450"}],"wp:term":[{"taxonomy":"category","embeddable":true,"href":"https:\/\/streamexico.com\/home\/wp-json\/wp\/v2\/categories?post=4450"},{"taxonomy":"post_tag","embeddable":true,"href":"https:\/\/streamexico.com\/home\/wp-json\/wp\/v2\/tags?post=4450"}],"curies":[{"name":"wp","href":"https:\/\/api.w.org\/{rel}","templated":true}]}}