{"id":454,"date":"2015-02-10T01:34:10","date_gmt":"2015-02-10T01:34:10","guid":{"rendered":"http:\/\/streamexico.com\/?p=454"},"modified":"2015-02-10T01:36:35","modified_gmt":"2015-02-10T01:36:35","slug":"los-periodistas-mas-influyentes-en-twitter-en-2015","status":"publish","type":"post","link":"https:\/\/streamexico.com\/home\/los-periodistas-mas-influyentes-en-twitter-en-2015\/","title":{"rendered":"Los periodistas m\u00e1s influyentes en Twitter en 2015"},"content":{"rendered":"<p>Foto: Reuters.<\/p>\n<p><em>Estos periodistas marcan con su pluma el rumbo de la opini\u00f3n p\u00fablica en los medios de comunicaci\u00f3n y a trav\u00e9s de las redes sociales.\u00a0<\/em><strong>Forbes M\u00e9xico,\u00a0<\/strong><em>en conjunto con con Smart Up Digital Circle\u00a0<\/em>\u00a0<em>presenta el listado de los periodistas m\u00e1s influyentes en Twitter. \u00bfQuieres saber qui\u00e9nes son?<\/em><\/p>\n<p>La voz de estos\u00a0<a title=\"118  periodistas murieron asesinados en 2014\" href=\"http:\/\/www.forbes.com.mx\/118-periodistas-murieron-asesinados-en-2014\/\" target=\"_blank\">periodistas<\/a>\u00a0es argumento a seguir en los medios de comunicaci\u00f3n y las redes sociales. Su opini\u00f3n marca tendencia, y tambi\u00e9n es motivo de pol\u00e9mica y debate.<\/p>\n<p>En colaboraci\u00f3n con\u00a0<strong><a href=\"http:\/\/www.smartup.mx\/\" target=\"_blank\">Smart Up Digital Circle<\/a>,<\/strong>\u00a0agencia especializada en marketing digital con presencia en pa\u00edses como China, Espa\u00f1a, Portugal, Colombia y M\u00e9xico,\u00a0<strong><em>Forbes M\u00e9xico<\/em><\/strong>\u00a0realiz\u00f3 el ranking de los periodistas m\u00e1s influyentes en el pa\u00eds en 2015, destacando la autoridad que generan en Twitter, plataforma donde es m\u00e1s \u00e1gil la informaci\u00f3n y evidente la libertad de expresi\u00f3n.<\/p>\n<p>Iv\u00e1n Palomera, socio fundador de Smart Up Digital Circle, explica\u00a0la metodolog\u00eda del ranking:\u00a0\u201cEsta metodolog\u00eda se va a sintetizar en los dos est\u00e1ndares del mercado, que son\u00a0<em>kred<\/em>\u00a0y\u00a0<em>klout\u00a0<\/em>(\u00edndices medidores de influencia). Estos est\u00e1ndares de mercado trabajan, a su vez, en otros datos para hacer el ranking: n\u00famero total de tuits, n\u00famero de personas que han listado, n\u00famero de personas a las que sigue, seguidores y favoritos. Todos los datos se ponderan en funci\u00f3n del n\u00famero total de tuits. Con base en estos cinco datos num\u00e9ricos y una f\u00f3rmula ponderada que le da un valor a cada uno de estos puntos en funci\u00f3n del otro, se sac\u00f3 la calificaci\u00f3n.\u201d<\/p>\n<p>El especialista destaca que la\u00a0<a title=\"Tambi\u00e9n de los periodistas se aprende a comunicar\" href=\"http:\/\/www.forbes.com.mx\/tambien-de-los-periodistas-se-aprende-comunicar\/\" target=\"_blank\">influencia<\/a>\u00a0no utiliza s\u00f3lo el n\u00famero de seguidores. Ejemplo de esto es Aristegui, quien tiene cinco millones de followers y ha hecho un mill\u00f3n de tuits; la influencia puede ser menor comparada con quien tiene 500,000 followers con s\u00f3lo 300 tuits. Los m\u00e1s influyentes no son los que m\u00e1s followers tienen. \u201cNo estamos midiendo la capacidad de alcance (followers), medimos la capacidad de que un tuit genere una reacci\u00f3n\u201d, enfatiza Palomera.<\/p>\n<p>Del mismo modo se tienen en cuenta los followers favoritos y los listados. Lo que se busc\u00f3 es ver la influencia de la cantidad de favoritos y listados que se han conseguido, con el menor n\u00famero de tuits.<\/p>\n<p>\u201cLa calificaci\u00f3n es una mezcla del\u00a0<em>kred y klout,<\/em>\u00a0que son los est\u00e1ndares en el mercado para medir la influencia\u201d, comenta Palomera.<\/p>\n<p><strong>Ante los comentarios en referencia a la metodolog\u00eda utilizada para realizar este ranking, Iv\u00e1n Palomera, socio fundador de Smart Up Digital Circle, hace algunas aclaraciones.<\/strong><\/p>\n<p>1) Este ranking no est\u00e1 midiendo la capacidad de influencia absoluta de una persona, sino la capacidad relativa de influenciar a sus seguidores en el entorno cerrado de Twitter.<\/p>\n<p>2) Entendiendo la influencia como la capacidad de generar un retweet, una menci\u00f3n, un listado o que ese tweet sea marcado como favorito. Es decir, aquel que con menos tweets consigue una mayor reacci\u00f3n entre su audiencia de seguidores es el que m\u00e1s influencia entre ellos. De esta forma podemos saber quienes son las personas que escriben mejores tweets o m\u00e1s relevantes para su audiencia.<\/p>\n<p>3) No mide por lo tanto su capacidad de alcance, que vendr\u00eda determinada por el n\u00famero total de followers, dado que esta medida es perniciosa precisamente por el fen\u00f3meno de los seguidores comprados. Tampoco mide la influencia fuera de su comunidad de followers, dado que factores como la fama o la presencia en medios masivos de comunicaci\u00f3n afectar\u00edan claramente a favor de unos y en contra de otros.<\/p>\n<p>4) Para la elaboraci\u00f3n de este ranking interno se ha usado adem\u00e1s una media de los datos de influencia extra\u00eddos de Kred y Klout, los dos est\u00e1ndares de medici\u00f3n de influencia m\u00e1s famosos del mercado, precisamente para garantizar su objetividad y evitar ser tendenciosos.<\/p>\n<p><strong>Te presentamos la lista de los periodistas m\u00e1s influyentes de Twitter.<\/strong><\/p>\n<ol>\n<li><a href=\"https:\/\/twitter.com\/brozoxmiswebs\" target=\"_blank\"><strong>@brozoxmiswebs<\/strong><\/a>\u00a0(<strong>Brozo, el \u201cpayaso tenebroso\u201d<\/strong>)<\/li>\n<\/ol>\n<div><img alt=\"brozo_periodistas1\" src=\"http:\/\/cdn.forbes.com.mx\/2015\/01\/brozo_periodistas1.jpg\" \/><\/div>\n<p>Cuenta perteneciente a V\u00edctor Trujillo. En 1988 dio vida por primera vez a Brozo, \u201cEl payaso tenebroso\u201d, su m\u00e1s exitoso personaje, en el programa\u00a0<em>La Caravana<\/em>.<\/p>\n<ul>\n<li>Calificaci\u00f3n: 856<\/li>\n<li>Total de tuits: 21,458<\/li>\n<li>N\u00famero de personas que han listado: 11,439<\/li>\n<li>N\u00famero de personas a las que sigue: 656<\/li>\n<li>N\u00famero de seguidores: 2.7 millones<\/li>\n<li>Favoritos: 2,044<\/li>\n<\/ul>\n<ol>\n<li><strong><a href=\"https:\/\/twitter.com\/Leon_Krauze\" target=\"_blank\">@Leon_Krauze<\/a>\u00a0(<\/strong><strong>Le\u00f3n Krauze)<\/strong><\/li>\n<\/ol>\n<div><img alt=\"leon_krauze_periodistas1\" src=\"http:\/\/cdn.forbes.com.mx\/2015\/01\/leon_krauze_periodistas1.jpg\" \/><\/div>\n<p>Como \u00e9l mismo se describe: periodista mexicano, presentador de noticias en Univision; columnista en\u00a0<em>El Universal<\/em>; colaborador habitual de\u00a0<em>The New Republic<\/em>,<em>Letras Libres<\/em>\u00a0y\u00a0<em>Fusion<\/em>.<\/p>\n<ul>\n<li>Calificaci\u00f3n: 854<\/li>\n<li>Total de tuits: 86,027<\/li>\n<li>N\u00famero de personas que han listado: 6,438<\/li>\n<li>N\u00famero de personas a las que sigue: 7,833<\/li>\n<li>N\u00famero de seguidores: 677,977<\/li>\n<li>Favoritos: 2,227<\/li>\n<\/ul>\n<ol>\n<li><strong><a href=\"https:\/\/twitter.com\/julioastillero\" target=\"_blank\">@julioastillero<\/a>\u00a0(Julio Hern\u00e1ndez L.)<\/strong><\/li>\n<\/ol>\n<div><img alt=\"julio_hernandez_periodistas1\" src=\"http:\/\/cdn.forbes.com.mx\/2015\/01\/julio_hernandez_periodistas1.jpg\" \/><\/div>\n<p>Periodista autor de la columna \u201cAstillero\u201d, en\u00a0<em>La Jornada<\/em>\u00a0y director de\u00a0<em>La Jornada San Luis<\/em>. El 3 de mayo de 2007 lanz\u00f3\u00a0<em>Astillero.tv<\/em>.<\/p>\n<ul>\n<li>Calificaci\u00f3n: 852<\/li>\n<li>Total de tuits: 126,548<\/li>\n<li>N\u00famero de personas que han listado: 2,937<\/li>\n<li>N\u00famero de personas a las que sigue: 17,355<\/li>\n<li>N\u00famero de seguidores: 166,135<\/li>\n<li>Favoritos: 567<\/li>\n<\/ul>\n<ol>\n<li><strong><a href=\"https:\/\/twitter.com\/marthadebayle\" target=\"_blank\">@marthadebayle<\/a>\u00a0(<\/strong><strong>Martha Debayle)<\/strong><\/li>\n<\/ol>\n<div><img alt=\"marta_debayle_periodistas1\" src=\"http:\/\/cdn.forbes.com.mx\/2015\/01\/marta_debayle_periodistas1.jpg\" \/><\/div>\n<p>Locutora de W Radio, conductora de TV y fundadora de Media Marketing Knowledge Group.<\/p>\n<ul>\n<li>Calificaci\u00f3n: 846<\/li>\n<li>Total de tuits: 52,601<\/li>\n<li>N\u00famero de personas que han listado: 4,300<\/li>\n<li>N\u00famero de personas a las que sigue: 241<\/li>\n<li>N\u00famero de seguidores: 771,358<\/li>\n<li>Favoritos: 2,025<\/li>\n<\/ul>\n<ol>\n<li><strong><a href=\"https:\/\/twitter.com\/genarolozano\" target=\"_blank\">@genarolozano<\/a>\u00a0(<\/strong><strong>Genaro Lozano)<\/strong><\/li>\n<\/ol>\n<div><img alt=\"genaro_lozano_periodistas1\" src=\"http:\/\/cdn.forbes.com.mx\/2015\/01\/genaro_lozano_periodistas1.jpg\" \/><\/div>\n<p>Polit\u00f3logo e Internacionalista. Escribe en el peri\u00f3dico Reforma, conduce Sin filtro TV, es profesor en la Ibero, fot\u00f3grafo y conferenciante.<\/p>\n<ul>\n<li>Calificaci\u00f3n: 843<\/li>\n<li>Total de tuits: 83,650<\/li>\n<li>N\u00famero de personas que han listado: 952<\/li>\n<li>N\u00famero de personas a las que sigue: 9,952<\/li>\n<li>N\u00famero de seguidores: 44,237<\/li>\n<li>Favoritos: 7,919<\/li>\n<\/ul>\n<ol>\n<li><strong><a href=\"https:\/\/twitter.com\/jenarovillamil\" target=\"_blank\">@jenarovillamil<\/a>\u00a0(Jenaro Villamil)<\/strong><\/li>\n<\/ol>\n<div><img alt=\"jenaro_villamil_periodistas1\" src=\"http:\/\/cdn.forbes.com.mx\/2015\/01\/jenaro_villamil_periodistas1.jpg\" \/><\/div>\n<p>Trabaj\u00f3 como redactor y reportero de la revista\u00a0<em>Cr\u00f3nica Legislativa<\/em>\u00a0y fue articulista de la agencia Notimex, en 2001. Actualmente es reportero de la revista\u00a0<em>Proceso.\u00a0<\/em><\/p>\n<ul>\n<li>Calificaci\u00f3n: 839<\/li>\n<li>Total de tuits: 56,519<\/li>\n<li>N\u00famero de personas que han listado: 2,172<\/li>\n<li>N\u00famero de personas a las que sigue: 18,325<\/li>\n<li>N\u00famero de seguidores: 148,556<\/li>\n<li>Favoritos: 7,077<\/li>\n<\/ul>\n<ol>\n<li><strong><a href=\"https:\/\/twitter.com\/Adela_Micha\" target=\"_blank\">@Adela_Micha<\/a>\u00a0(Adela Micha)<\/strong><\/li>\n<\/ol>\n<div><img alt=\"adela_micha_periodistas1\" src=\"http:\/\/cdn.forbes.com.mx\/2015\/01\/adela_micha_periodistas1.jpg\" \/><\/div>\n<p>Conduce\u00a0<em>Las noticias por Adela<\/em>\u00a0en Galavisi\u00f3n,\u00a0<em>Imagen informativa\u00a0<\/em>en la emisora radial Imagen y tambi\u00e9n participa en el programa de an\u00e1lisis pol\u00edtico\u00a0<em>Tercer grado<\/em>.<\/p>\n<ul>\n<li>Calificaci\u00f3n: 834<\/li>\n<li>Total de tuits: 20,304<\/li>\n<li>N\u00famero de personas que han listado: 15,117<\/li>\n<li>N\u00famero de personas a las que sigue: 318<\/li>\n<li>N\u00famero de seguidores: 3.3 millones<\/li>\n<li>Favoritos: 20<\/li>\n<\/ul>\n<ol>\n<li><strong><a href=\"https:\/\/twitter.com\/YuririaSierra\" target=\"_blank\">@YuririaSierra<\/a>\u00a0(Yuriria Sierra)<\/strong><\/li>\n<\/ol>\n<div><img alt=\"yuridia_sierra_periodistas1\" src=\"http:\/\/cdn.forbes.com.mx\/2015\/01\/yuridia_sierra_periodistas1.jpg\" \/><\/div>\n<p>Conductora de\u00a0<em>Cadena Tres Noticias<\/em>\u00a0y\u00a0<em>Reporte 98.5<\/em>. Columnista de\u00a0<em>Exc\u00e9lsior<\/em>, ha colaborado en\u00a0<em>Nexos<\/em>,\u00a0<em>Milenio Semanal<\/em>,\u00a0<em>Etc\u00e9tera<\/em>,\u00a0<em>Chilango<\/em>\u00a0y\u00a0<em>El Huevo<\/em>.<\/p>\n<ul>\n<li>Calificaci\u00f3n: 833<\/li>\n<li>Total de tuits: 34,975<\/li>\n<li>N\u00famero de personas que han listado: 3,084<\/li>\n<li>N\u00famero de personas a las que sigue: 1,646<\/li>\n<li>N\u00famero de seguidores: 237,228<\/li>\n<li>Favoritos: 5,073<\/li>\n<\/ul>\n<ol>\n<li><strong><a href=\"https:\/\/twitter.com\/beltrandelriomx\" target=\"_blank\">@beltrandelriomx<\/a>\u00a0(<\/strong><strong>Pascal Beltran del Rio)<\/strong><\/li>\n<\/ol>\n<div><img alt=\"pascal_beltran_rio_periodistas1\" src=\"http:\/\/cdn.forbes.com.mx\/2015\/01\/pascal_beltran_rio_periodistas1.jpg\" \/><\/div>\n<p>Ha ganado dos veces el Premio Nacional de Periodismo en la categor\u00eda de entrevista, en las ediciones 2003 y 2007. Actualmente es director editorial del peri\u00f3dico\u00a0<em>Exc\u00e9lsior<\/em>.<\/p>\n<ul>\n<li>Calificaci\u00f3n: 823<\/li>\n<li>Total de tuits: 91,262<\/li>\n<li>N\u00famero de personas que han listado: 2,029<\/li>\n<li>N\u00famero de personas a las que sigue: 2,696<\/li>\n<li>N\u00famero de seguidores: 104,291<\/li>\n<li>Favoritos: 5,027<\/li>\n<\/ul>\n<ol>\n<li><strong><a href=\"https:\/\/twitter.com\/MarioBeteta\" target=\"_blank\">@MarioBeteta<\/a>\u00a0(<\/strong><strong>\u00d3scar Mario Beteta)<\/strong><\/li>\n<\/ol>\n<div><img alt=\"mario_beteta_periodista1\" src=\"http:\/\/cdn.forbes.com.mx\/2015\/01\/mario_beteta_periodista1.jpg\" \/><\/div>\n<p>Previo a su carrera profesional en el \u00e1mbito period\u00edstico, \u00d3scar Mario Beteta fungi\u00f3 como corredor de bolsa. Ha sido miembro del Directorio del Foro Econ\u00f3mico Mundial. Cuenta con m\u00e1s de 22 a\u00f1os de experiencia en los medios de comunicaci\u00f3n.<\/p>\n<ul>\n<li>Calificaci\u00f3n: 816<\/li>\n<li>Total de tuits: 42,065<\/li>\n<li>N\u00famero de personas que han listado: 804<\/li>\n<li>N\u00famero de personas a las que sigue: 650<\/li>\n<li>N\u00famero de seguidores: 59,404<\/li>\n<li>Favoritos: 3,331<\/li>\n<\/ul>\n<ol>\n<li><strong><a href=\"https:\/\/twitter.com\/jairocalixto\" target=\"_blank\">@jairocalixto\u00a0<\/a>(Jairo Calixto)<\/strong><\/li>\n<\/ol>\n<ul>\n<li>Calificaci\u00f3n: 814<\/li>\n<li>Total de tuits: 46,171<\/li>\n<li>N\u00famero de personas que han listado: 2,061<\/li>\n<li>N\u00famero de personas a las que sigue: 853<\/li>\n<li>N\u00famero de seguidores: 114,539<\/li>\n<li>Favoritos: 20,726<\/li>\n<\/ul>\n<ol>\n<li><strong><a href=\"https:\/\/twitter.com\/Denise_Maerker\" target=\"_blank\">@Denise_Maerker<\/a>\u00a0(Denise Maerker)<\/strong><\/li>\n<\/ol>\n<ul>\n<li>Calificaci\u00f3n: 813<\/li>\n<li>Total de tuits: 1,649<\/li>\n<li>N\u00famero de personas que han listado: 5,604<\/li>\n<li>N\u00famero de personas a las que sigue: 218<\/li>\n<li>N\u00famero de seguidores: 1.3 millones<\/li>\n<li>Favoritos: 10<\/li>\n<\/ul>\n<ol>\n<li><strong><a href=\"https:\/\/twitter.com\/mariocampos\" target=\"_blank\">@mariocampos<\/a>\u00a0(<\/strong><strong>Mario Campos)<\/strong><\/li>\n<\/ol>\n<ul>\n<li>Calificaci\u00f3n: 807<\/li>\n<li>Total de tuits: 59,967<\/li>\n<li>N\u00famero de personas que han listado: 1,556<\/li>\n<li>N\u00famero de personas a las que sigue: 3,019<\/li>\n<li>N\u00famero de seguidores: 62,884<\/li>\n<li>Favoritos: 1,221<\/li>\n<\/ul>\n<ol>\n<li><strong><a href=\"https:\/\/twitter.com\/FedericoArreola\" target=\"_blank\">@FedericoArreola<\/a>\u00a0(Federico Arreola)<\/strong><\/li>\n<\/ol>\n<ul>\n<li>Calificaci\u00f3n: 801<\/li>\n<li>Total de tuits: 273,396<\/li>\n<li>N\u00famero de personas que han listado: 3,974<\/li>\n<li>N\u00famero de personas a las que sigue: 133,270<\/li>\n<li>N\u00famero de seguidores: 172,920<\/li>\n<li>Favoritos: 142<\/li>\n<\/ul>\n<ol>\n<li><strong><a href=\"https:\/\/twitter.com\/macariomx\" target=\"_blank\">@macariomx<\/a>\u00a0(<\/strong><strong>Macario Schettino)<\/strong><\/li>\n<\/ol>\n<ul>\n<li>Calificaci\u00f3n: 784<\/li>\n<li>Total de tuits: 37,939<\/li>\n<li>N\u00famero de personas que han listado: 748<\/li>\n<li>N\u00famero de personas a las que sigue: 1,508<\/li>\n<li>N\u00famero de seguidores: 37,272<\/li>\n<li>Favoritos: 3,096<\/li>\n<\/ul>\n<ol>\n<li><strong><a href=\"https:\/\/twitter.com\/javiersolorzano\" target=\"_blank\">@JavierSolorzano<\/a>\u00a0(Javier Sol\u00f3rzano)<\/strong><\/li>\n<\/ol>\n<ul>\n<li>Calificaci\u00f3n: 685<\/li>\n<li>Total de tuits: 12,820<\/li>\n<li>N\u00famero de personas que han listado: 5,152<\/li>\n<li>N\u00famero de personas a las que sigue: 747<\/li>\n<li>N\u00famero de seguidores: 786,539<\/li>\n<li>Favoritos: 460<\/li>\n<\/ul>\n<ol>\n<li><strong><a href=\"https:\/\/twitter.com\/jshm00\" target=\"_blank\">@jshm00<\/a>\u00a0(<\/strong><strong>Jes\u00fas Silva-Herzog M)<\/strong><\/li>\n<\/ol>\n<ul>\n<li>Calificaci\u00f3n: 654<\/li>\n<li>Total de tuits: 12,920<\/li>\n<li>N\u00famero de personas que han listado: 1,443<\/li>\n<li>N\u00famero de personas a las que sigue: 701<\/li>\n<li>N\u00famero de seguidores: 111,276<\/li>\n<li>Favoritos: 655<\/li>\n<\/ul>\n<ol>\n<li><strong><a href=\"https:\/\/twitter.com\/AlvaroCueva\" target=\"_blank\">@AlvaroCueva<\/a>\u00a0(\u00c1lvaro Cueva)<\/strong><\/li>\n<\/ol>\n<ul>\n<li>Calificaci\u00f3n: 651<\/li>\n<li>Total de tuits: 67,484<\/li>\n<li>N\u00famero de personas que han listado: 2,062<\/li>\n<li>N\u00famero de personas a las que sigue: 1,290<\/li>\n<li>N\u00famero de seguidores: 274,534<\/li>\n<li>Favoritos: 2,464<\/li>\n<\/ul>\n<ol>\n<li><strong><a href=\"https:\/\/twitter.com\/Javier_Alatorre\" target=\"_blank\">@Javier_Alatorre<\/a>\u00a0(Javier Alatorre)<\/strong><\/li>\n<\/ol>\n<ul>\n<li>Calificaci\u00f3n: 597<\/li>\n<li>Total de tuits: 5,021<\/li>\n<li>N\u00famero de personas que han listado: 11,733<\/li>\n<li>N\u00famero de personas a las que sigue: 89<\/li>\n<li>N\u00famero de seguidores: 2.4 millones<\/li>\n<li>Favoritos: 0<\/li>\n<\/ul>\n<ol>\n<li><strong><a href=\"https:\/\/twitter.com\/PedroFerriz\" target=\"_blank\">@PedroFerriz<\/a>\u00a0(Pedro Ferriz de Con)<\/strong><\/li>\n<\/ol>\n<ul>\n<li>Calificaci\u00f3n: 574<\/li>\n<li>Total de tuits: 104,950<\/li>\n<li>N\u00famero de personas que han listado: 9,951<\/li>\n<li>N\u00famero de personas a las que sigue: 364<\/li>\n<li>N\u00famero de seguidores: 1.8 millones<\/li>\n<li>Favoritos: 1,125<\/li>\n<\/ul>\n<ol>\n<li><strong><a href=\"https:\/\/twitter.com\/PabloHiriart\" target=\"_blank\">@PabloHiriart<\/a>\u00a0(<\/strong><strong>Pablo Hiriart)<\/strong><\/li>\n<\/ol>\n<ul>\n<li>Calificaci\u00f3n: 573<\/li>\n<li>Total de tuits: 9,494<\/li>\n<li>N\u00famero de personas que han listado: 1,692<\/li>\n<li>N\u00famero de personas a las que sigue: 126<\/li>\n<li>N\u00famero de seguidores: 126,319<\/li>\n<li>Favoritos: 46<\/li>\n<\/ul>\n<ol>\n<li><strong><a href=\"https:\/\/twitter.com\/Paola_Rojas_H\" target=\"_blank\">@Paola_Rojas_H<\/a>\u00a0(Paola Rojas)<\/strong><\/li>\n<\/ol>\n<ul>\n<li>Calificaci\u00f3n: 571<\/li>\n<li>Total de tuits: 18,822<\/li>\n<li>N\u00famero de personas que han listado: 5,608<\/li>\n<li>N\u00famero de personas a las que sigue: 461<\/li>\n<li>N\u00famero de seguidores: 993,063<\/li>\n<li>Favoritos: 120<\/li>\n<\/ul>\n<ol>\n<li><strong><a href=\"https:\/\/twitter.com\/SanjuanaMtz\" target=\"_blank\">@SanjuanaMtz<\/a>\u00a0(<\/strong><strong>Sanjuana Mart\u00ednez)<\/strong><\/li>\n<\/ol>\n<ul>\n<li>Calificaci\u00f3n: 570<\/li>\n<li>Total de tuits: 25,352<\/li>\n<li>N\u00famero de personas que han listado: 1,516<\/li>\n<li>N\u00famero de personas a las que sigue: 2,059<\/li>\n<li>N\u00famero de seguidores: 91,064<\/li>\n<li>Favoritos: 4,223<\/li>\n<\/ul>\n<ol>\n<li><strong><a href=\"https:\/\/twitter.com\/qtf\" target=\"_blank\">@qtf<\/a>\u00a0(Fernanda Familiar)<\/strong><\/li>\n<\/ol>\n<ul>\n<li>Calificaci\u00f3n: 564<\/li>\n<li>Total de tuits: 22,753<\/li>\n<li>N\u00famero de personas que han listado: 3,557<\/li>\n<li>N\u00famero de personas a las que sigue: 179<\/li>\n<li>N\u00famero de seguidores: 556,875<\/li>\n<li>Favoritos: 946<\/li>\n<\/ul>\n<ol>\n<li><strong><a href=\"https:\/\/twitter.com\/JohnMAckerman\" target=\"_blank\">@JohnMAckerman<\/a>\u00a0(<\/strong><strong>John M. Ackerman)<\/strong><\/li>\n<\/ol>\n<ul>\n<li>Calificaci\u00f3n: 560<\/li>\n<li>Total de tuits: 30,757<\/li>\n<li>N\u00famero de personas que han listado: 2,324<\/li>\n<li>N\u00famero de personas a las que sigue: 7,991<\/li>\n<li>N\u00famero de seguidores: 160,937<\/li>\n<li>Favoritos: 7,298<\/li>\n<\/ul>\n<ol>\n<li><strong><a href=\"https:\/\/twitter.com\/lopezdoriga\" target=\"_blank\">@lopezdoriga<\/a>\u00a0(Joaqu\u00edn L\u00f3pez-D\u00f3riga)<\/strong><\/li>\n<\/ol>\n<ul>\n<li>Calificaci\u00f3n: 559<\/li>\n<li>Total de tuits: 79,931<\/li>\n<li>N\u00famero de personas que han listado: 13,428<\/li>\n<li>N\u00famero de personas a las que sigue: 991<\/li>\n<li>N\u00famero de seguidores: 4.4 millones<\/li>\n<li>Favoritos: 278<\/li>\n<\/ul>\n<ol>\n<li><strong><a href=\"https:\/\/twitter.com\/JoseCardenas1\" target=\"_blank\">@JoseCardenas1<\/a>\u00a0(Jos\u00e9 C\u00e1rdenas)<\/strong><\/li>\n<\/ol>\n<ul>\n<li>Calificaci\u00f3n: 554<\/li>\n<li>Total de tuits: 112,783<\/li>\n<li>N\u00famero de personas que han listado: 4,924<\/li>\n<li>N\u00famero de personas a las que sigue: 3,448<\/li>\n<li>N\u00famero de seguidores: 396,452<\/li>\n<li>Favoritos: 104<\/li>\n<\/ul>\n<ol>\n<li><strong><a href=\"https:\/\/twitter.com\/aguirre_alberto\" target=\"_blank\">@aguirre_alberto<\/a>\u00a0(<\/strong><strong>Alberto Aguirre M.)<\/strong><\/li>\n<\/ol>\n<ul>\n<li>Calificaci\u00f3n: 554<\/li>\n<li>Total de tuits: 1,868<\/li>\n<li>N\u00famero de personas que han listado: 1,048<\/li>\n<li>N\u00famero de personas a las que sigue: 241,252<\/li>\n<li>N\u00famero de seguidores: 258,275<\/li>\n<li>Favoritos: 12<\/li>\n<\/ul>\n<ol>\n<li><strong><a href=\"https:\/\/twitter.com\/lydiacachosi\" target=\"_blank\">@lydiacachosi<\/a>\u00a0(Lydia Cacho)<\/strong><\/li>\n<\/ol>\n<ul>\n<li>Calificaci\u00f3n: 552<\/li>\n<li>Total de tuits: 13,374<\/li>\n<li>N\u00famero de personas que han listado: 4,180<\/li>\n<li>N\u00famero de personas a las que sigue: 849<\/li>\n<li>N\u00famero de seguidores: 473,330<\/li>\n<li>Favoritos: 14<\/li>\n<\/ul>\n<ol>\n<li><strong><a href=\"https:\/\/twitter.com\/puigcarlos\" target=\"_blank\">@puigcarlos<\/a>\u00a0(<\/strong><strong>Carlos Puig)<\/strong><\/li>\n<\/ol>\n<ul>\n<li>Calificaci\u00f3n: 548<\/li>\n<li>Total de tuits: 8,958<\/li>\n<li>N\u00famero de personas que han listado: 1,638<\/li>\n<li>N\u00famero de personas a las que sigue: 662<\/li>\n<li>N\u00famero de seguidores: 161,483<\/li>\n<li>Favoritos: 684<\/li>\n<\/ul>\n<ol>\n<li><strong><a href=\"https:\/\/twitter.com\/karlaiberia\" target=\"_blank\">@karlaiberia<\/a>\u00a0(Karla Iberia S\u00e1nchez)<\/strong><\/li>\n<\/ol>\n<ul>\n<li>Calificaci\u00f3n: 547<\/li>\n<li>Total de tuits: 8,407<\/li>\n<li>N\u00famero de personas que han listado: 1,420<\/li>\n<li>N\u00famero de personas a las que sigue: 1,824<\/li>\n<li>N\u00famero de seguidores: 214,620<\/li>\n<li>Favoritos: 121<\/li>\n<\/ul>\n<ol>\n<li><strong><a href=\"https:\/\/twitter.com\/VILLALVAZO13\" target=\"_blank\">@VILLALVAZO13<\/a>\u00a0(Alejandro Villalvazo<\/strong>)<\/li>\n<\/ol>\n<ul>\n<li>Calificaci\u00f3n: 547<\/li>\n<li>Total de tuits: 6,620<\/li>\n<li>N\u00famero de personas que han listado: 2,075<\/li>\n<li>N\u00famero de personas a las que sigue: 160<\/li>\n<li>N\u00famero de seguidores: 273,111<\/li>\n<li>Favoritos: 269<\/li>\n<\/ul>\n<ol>\n<li><strong><a href=\"https:\/\/twitter.com\/leozuckermann\" target=\"_blank\">@leozuckermann<\/a>\u00a0(Leo Zuckermann)<\/strong><\/li>\n<\/ol>\n<ul>\n<li>Calificaci\u00f3n: 544<\/li>\n<li>Total de tuits: 4,325<\/li>\n<li>N\u00famero de personas que han listado: 2,186<\/li>\n<li>N\u00famero de personas a las que sigue: 533<\/li>\n<li>N\u00famero de seguidores: 229,578<\/li>\n<li>Favoritos: 7<\/li>\n<\/ul>\n<ol>\n<li><strong><a href=\"https:\/\/twitter.com\/AnaPOrdorica\" target=\"_blank\">@AnaPOrdorica<\/a>\u00a0(Ana Paula Ordorica)<\/strong><\/li>\n<\/ol>\n<ul>\n<li>Calificaci\u00f3n: 544<\/li>\n<li>Total de tuits: 13,416<\/li>\n<li>N\u00famero de personas que han listado: 1,947<\/li>\n<li>N\u00famero de personas a las que sigue: 564<\/li>\n<li>N\u00famero de seguidores: 228,795<\/li>\n<li>Favoritos: 78<\/li>\n<\/ul>\n<ol>\n<li><strong><a href=\"https:\/\/twitter.com\/DeniseDresserG\" target=\"_blank\">@DeniseDresserG<\/a>\u00a0(Denise Dresser)<\/strong><\/li>\n<\/ol>\n<ul>\n<li>Calificaci\u00f3n: 541<\/li>\n<li>Total de tuits: 1,349<\/li>\n<li>N\u00famero de personas que han listado: 4,639<\/li>\n<li>N\u00famero de personas a las que sigue: 132<\/li>\n<li>N\u00famero de seguidores: 1.1 millones<\/li>\n<li>Favoritos: 15<\/li>\n<\/ul>\n<ol>\n<li><strong><a href=\"https:\/\/twitter.com\/SergioSarmiento\" target=\"_blank\">@SergioSarmiento<\/a>\u00a0(<\/strong><strong>Sergio Sarmiento)<\/strong><\/li>\n<\/ol>\n<ul>\n<li>Calificaci\u00f3n: 529<\/li>\n<li>Total de tuits: 6,947<\/li>\n<li>N\u00famero de personas que han listado: 1,449<\/li>\n<li>N\u00famero de personas a las que sigue: 465<\/li>\n<li>N\u00famero de seguidores: 190,661<\/li>\n<li>Favoritos: 564<\/li>\n<\/ul>\n<ol>\n<li><strong><a href=\"https:\/\/twitter.com\/rivapa\" target=\"_blank\">@rivapa<\/a>\u00a0(<\/strong><strong>Raymundo RivaPalacio)<\/strong><\/li>\n<\/ol>\n<ul>\n<li>Calificaci\u00f3n: 528<\/li>\n<li>Total de tuits: 19,268<\/li>\n<li>N\u00famero de personas que han listado: 2,696<\/li>\n<li>N\u00famero de personas a las que sigue: 1,671<\/li>\n<li>N\u00famero de seguidores: 161,671<\/li>\n<li>Favoritos: 27<\/li>\n<\/ul>\n<ol>\n<li><strong><a href=\"https:\/\/twitter.com\/franciscozea\" target=\"_blank\">@franciscozea<\/a>\u00a0(<\/strong><strong>Francisco Zea)<\/strong><\/li>\n<\/ol>\n<ul>\n<li>Calificaci\u00f3n: 527<\/li>\n<li>Total de tuits: 28,472<\/li>\n<li>N\u00famero de personas que han listado: 776<\/li>\n<li>N\u00famero de personas a las que sigue: 3,306<\/li>\n<li>N\u00famero de seguidores: 53,989<\/li>\n<li>Favoritos: 1,053<\/li>\n<\/ul>\n<ol>\n<li><strong><a href=\"https:\/\/twitter.com\/J_Fdz_Menendez\" target=\"_blank\">@J_Fdz_Menendez<\/a>\u00a0(<\/strong><strong>Jorge Fern\u00e1ndez M.)<\/strong><\/li>\n<\/ol>\n<ul>\n<li>Calificaci\u00f3n: 508<\/li>\n<li>Total de tuits: 3,346<\/li>\n<li>N\u00famero de personas que han listado: 632<\/li>\n<li>N\u00famero de personas a las que sigue: 367<\/li>\n<li>N\u00famero de seguidores: 96,155<\/li>\n<li>Favoritos: 59<\/li>\n<\/ul>\n<ol>\n<li><strong><a href=\"https:\/\/twitter.com\/aristeguicnn\" target=\"_blank\">@aristeguicnn<\/a>\u00a0(Carmen Aristegui)<\/strong><\/li>\n<\/ol>\n<ul>\n<li>Calificaci\u00f3n: 492<\/li>\n<li>Total de tuits: 1,098<\/li>\n<li>N\u00famero de personas que han listado: 9,635<\/li>\n<li>N\u00famero de personas a las que sigue: 19<\/li>\n<li>N\u00famero de seguidores: 2.8 millones<\/li>\n<li>Favoritos: 7<\/li>\n<\/ul>\n<ol>\n<li><strong><a href=\"https:\/\/twitter.com\/RicardoAlemanMx\" target=\"_blank\">@RicardoAlemanMx<\/a>\u00a0(<\/strong><strong>Ricardo Aleman)<\/strong><\/li>\n<\/ol>\n<ul>\n<li>Calificaci\u00f3n: 491<\/li>\n<li>Total de tuits: 59,660<\/li>\n<li>N\u00famero de personas que han listado: 1,395<\/li>\n<li>N\u00famero de personas a las que sigue: 613<\/li>\n<li>N\u00famero de seguidores: 88,841<\/li>\n<li>Favoritos: 2,678<\/li>\n<\/ul>\n<ol>\n<li><strong><a href=\"https:\/\/twitter.com\/carolina_rocha_\" target=\"_blank\">@carolina_rocha_<\/a>\u00a0(Carolina Rocha)<\/strong><\/li>\n<\/ol>\n<ul>\n<li>Calificaci\u00f3n: 487<\/li>\n<li>Total de tuits: 36,777<\/li>\n<li>N\u00famero de personas que han listado: 3,001<\/li>\n<li>N\u00famero de personas a las que sigue: 808<\/li>\n<li>N\u00famero de seguidores: 300,210<\/li>\n<li>Favoritos: 1,276<\/li>\n<\/ul>\n<ol>\n<li><strong><a href=\"https:\/\/twitter.com\/JoseCarreno\" target=\"_blank\">@JoseCarreno<\/a>\u00a0(<\/strong><strong>Jose Carre\u00f1o Carl\u00f3n)<\/strong><\/li>\n<\/ol>\n<ul>\n<li>Calificaci\u00f3n: 468<\/li>\n<li>Total de tuits: 1,800<\/li>\n<li>N\u00famero de personas que han listado: 1,056<\/li>\n<li>N\u00famero de personas a las que sigue: 170<\/li>\n<li>N\u00famero de seguidores: 70,378<\/li>\n<li>Favoritos: 29<\/li>\n<\/ul>\n<ol>\n<li><strong><a href=\"https:\/\/twitter.com\/ericktvazteca\" target=\"_blank\">@ericktvazteca<\/a>\u00a0(<\/strong><strong>Erick Guerrero Rosas)<\/strong><\/li>\n<\/ol>\n<ul>\n<li>Calificaci\u00f3n: 450<\/li>\n<li>Total de tuits: 3,881<\/li>\n<li>N\u00famero de personas que han listado: 527<\/li>\n<li>N\u00famero de personas a las que sigue: 289<\/li>\n<li>N\u00famero de seguidores: 32,278<\/li>\n<li>Favoritos: 215<\/li>\n<\/ul>\n<ol>\n<li><strong><a href=\"https:\/\/twitter.com\/ruizhealy\" target=\"_blank\">@ruizhealy<\/a>\u00a0(<\/strong><strong>Eduardo Ruiz Healy)<\/strong><\/li>\n<\/ol>\n<ul>\n<li>Calificaci\u00f3n: 330<\/li>\n<li>Total de tuits: 45,312<\/li>\n<li>N\u00famero de personas que han listado: 2,051<\/li>\n<li>N\u00famero de personas a las que sigue: 1,692<\/li>\n<li>N\u00famero de seguidores: 136,852<\/li>\n<li>Favoritos: 517<\/li>\n<\/ul>\n","protected":false},"excerpt":{"rendered":"<p>Foto: Reuters. Estos periodistas marcan con su pluma el rumbo de la opini\u00f3n p\u00fablica en los medios de comunicaci\u00f3n y a trav\u00e9s de las redes sociales.\u00a0Forbes M\u00e9xico,\u00a0en conjunto con con Smart Up Digital Circle\u00a0\u00a0presenta el listado de los periodistas m\u00e1s influyentes en Twitter. \u00bfQuieres saber&#8230;<\/p>\n","protected":false},"author":1,"featured_media":455,"comment_status":"closed","ping_status":"closed","sticky":false,"template":"","format":"standard","meta":[],"categories":[22],"tags":[25,51,12,50,11,49],"_links":{"self":[{"href":"https:\/\/streamexico.com\/home\/wp-json\/wp\/v2\/posts\/454"}],"collection":[{"href":"https:\/\/streamexico.com\/home\/wp-json\/wp\/v2\/posts"}],"about":[{"href":"https:\/\/streamexico.com\/home\/wp-json\/wp\/v2\/types\/post"}],"author":[{"embeddable":true,"href":"https:\/\/streamexico.com\/home\/wp-json\/wp\/v2\/users\/1"}],"replies":[{"embeddable":true,"href":"https:\/\/streamexico.com\/home\/wp-json\/wp\/v2\/comments?post=454"}],"version-history":[{"count":2,"href":"https:\/\/streamexico.com\/home\/wp-json\/wp\/v2\/posts\/454\/revisions"}],"predecessor-version":[{"id":457,"href":"https:\/\/streamexico.com\/home\/wp-json\/wp\/v2\/posts\/454\/revisions\/457"}],"wp:featuredmedia":[{"embeddable":true,"href":"https:\/\/streamexico.com\/home\/wp-json\/wp\/v2\/media\/455"}],"wp:attachment":[{"href":"https:\/\/streamexico.com\/home\/wp-json\/wp\/v2\/media?parent=454"}],"wp:term":[{"taxonomy":"category","embeddable":true,"href":"https:\/\/streamexico.com\/home\/wp-json\/wp\/v2\/categories?post=454"},{"taxonomy":"post_tag","embeddable":true,"href":"https:\/\/streamexico.com\/home\/wp-json\/wp\/v2\/tags?post=454"}],"curies":[{"name":"wp","href":"https:\/\/api.w.org\/{rel}","templated":true}]}}