{"id":4705,"date":"2019-05-03T19:07:44","date_gmt":"2019-05-03T19:07:44","guid":{"rendered":"http:\/\/streamexico.com\/?p=4705"},"modified":"2019-05-03T19:37:01","modified_gmt":"2019-05-03T19:37:01","slug":"instagram-y-facebook-prohiben-voces-peligrosas","status":"publish","type":"post","link":"https:\/\/streamexico.com\/home\/instagram-y-facebook-prohiben-voces-peligrosas\/","title":{"rendered":"Instagram y Facebook prohiben voces \u201cpeligrosas\u201d"},"content":{"rendered":"<div class=\"ArticlePage-subHeadline\" style=\"text-align: justify;\">\n<p>La tecnol\u00f3gica anunci\u00f3 una purga de su plataforma que incluir\u00e1 voces como el l\u00edder de la organizaci\u00f3n Nation of Islam, Louis Farrakhan, y el te\u00f3rico de la conspiraci\u00f3n, Alex Jones.<\/p>\n<\/div>\n<div style=\"text-align: justify;\">\n<p><img src=\"https:\/\/cdn-3.expansion.mx\/dims4\/default\/c542061\/2147483647\/strip\/true\/crop\/3500x2273+0+0\/resize\/800x520!\/quality\/90\/?url=https%3A%2F%2Fcdn-3.expansion.mx%2F5d%2Fa7%2F932323d64020bedaa0b4497c4087%2F2019-05-02t230028z-939656963-rc15da492c50-rtrmadp-3-facebook-extremists-usa.JPG\" alt=\"Les quitan el like \" \/>\u00a0 \u00a0 \u00a0 \u00a0 \u00a0 \u00a0 \u00a0 \u00a0 \u00a0 \u00a0 \u00a0 \u00a0 \u00a0 \u00a0 \u00a0 \u00a0 \u00a0 \u00a0 \u00a0 \u00a0 \u00a0 \u00a0 \u00a0 \u00a0 \u00a0 \u00a0 \u00a0 \u00a0 \u00a0 \u00a0 \u00a0 \u00a0 \u00a0 \u00a0 \u00a0 \u00a0 \u00a0 \u00a0<span class=\"ArticleLeadFigure-caption\">Alex Jones, creador de Infowars fue bajado tanto de Instagram como de Facebook.\u00a0<\/span><span class=\"ArticleLeadFigure-credit\"><span class=\"ArticleLeadFigure-credit\"><span class=\"ArticleLeadFigure-credit\">(Jim Bourg\/REUTERS)<\/p>\n<p><\/span><\/span><\/span>Oliver Darcy<\/p>\n<\/div>\n<div style=\"text-align: justify;\">\n<div class=\"ArticlePage-articleBody\" data-modulewell=\"\">\n<div class=\"RichTextArticleBody\">\n<div class=\"RichTextArticleBody-body\">\n<p>Nueva York (CNN Business)<\/p>\n<\/div>\n<\/div>\n<\/div>\n<\/div>\n<div style=\"text-align: justify;\">\n<p>Facebook anunci\u00f3 el jueves que hab\u00eda determinado que algunas personas de alto perfil, entre los que se encuentra el l\u00edder de la organizaci\u00f3n Nation of Islam Louis Farrakhan, notorio por usar lenguaje antisemita, y el te\u00f3rico de la conspiraci\u00f3n de derecha Alex Jones como \u201cpeligrosos\u201d y har\u00e1 una purga de sus plataformas.<\/p>\n<\/div>\n<div>\n<div style=\"text-align: justify;\">\n<div>\n<p style=\"text-align: justify;\">Jones y su medio InfoWars hab\u00edan sido prohibidos anteriormente en Facebook en agosto de 2018, pero mantuvo su presencia en Instagram, propiedad de Facebook. El jueves, Jones e InfoWars tambi\u00e9n ser\u00e1n excluidos de Instagram.<\/p>\n<\/div>\n<\/div>\n<div>\n<p style=\"text-align: justify;\">Otras personas excluidas el jueves incluyen a Paul Nehlen, un antisemita que se postul\u00f3 infructuosamente para el congreso estadounidense en 2016 y 2018 y las personalidades de los medios de derecha Laura Loomer, Milo Yiannopoulos y Paul Joseph Watson.<\/p>\n<p style=\"text-align: justify;\">&#8220;Siempre hemos excluido a individuos y organizaciones que promueven o participan en actos de violencia y odio, sin importar su ideolog\u00eda\u201d, dijo un portavoz de Facebook en un comunicado proporcionado a CNN Business. \u201cEl proceso de evaluaci\u00f3n de violadores potenciales es extenso y es lo que nos llev\u00f3 a la decisi\u00f3n de eliminar estas cuentas el d\u00eda de hoy\u201d.<\/p>\n<p style=\"text-align: justify;\">Un portavoz de Facebook dijo a CNN Business que la empresa pasa por un largo proceso y toma en consideraci\u00f3n una serie de factores antes de determinar que un individuo es \u201cpeligroso\u201d.<\/p>\n<p style=\"text-align: justify;\">El portavoz de Facebook dijo que entre esos factores se incluye el que la persona u organizaci\u00f3n hayan llamado a la violencia en contra de individuos por su raza, origen \u00e9tnico o nacionalidad: si la persona se identifica con una ideolog\u00eda de odio, si usan lenguaje de odio o difamatorio en su secci\u00f3n de biograf\u00eda en sus perfiles de las redes sociales, y si les han sido eliminados p\u00e1ginas o grupos en Facebook por violar las reglas de lenguaje de odio.<\/p>\n<p style=\"text-align: justify;\">En algunas instancias, cuando Facebook bloquea a un individuo y organizaci\u00f3n, tambi\u00e9n restringe a otros de elogiar o apoyarlos en sus plataformas, seg\u00fan inform\u00f3 el portavoz, a\u00f1adiendo que la empresa contin\u00faa considerando esa acci\u00f3n como el enfoque adecuado.<\/p>\n<p style=\"text-align: justify;\">Sin embargo, esa pol\u00edtica podr\u00eda no aplicar a todas las personas bloqueadas el jueves.<\/p>\n<p style=\"text-align: justify;\">El portavoz agreg\u00f3 que Facebook eliminar\u00e1 grupos, p\u00e1ginas y cuentas creadas para representar a los individuos excluidos cuando tenga conocimiento de que ese individuo forma parte del esfuerzo.<\/p>\n<p style=\"text-align: justify;\">Algunos de los individuos pensados como \u201cpeligrosos\u201d respondieron a la prohibici\u00f3n de sus cuentas en el corto periodo en que Facebook anunci\u00f3 su exclusi\u00f3n y el momento en que elimin\u00f3 sus cuentas.<\/p>\n<p style=\"text-align: justify;\">Recomendamos: Apple elimina y restringe apps que controlen tiempo de estancia en pantalla<\/p>\n<p style=\"text-align: justify;\">Loomer, por ejemplo, neg\u00f3 en una publicaci\u00f3n de Instagram el haber violado los t\u00e9rminos de servicio de la compa\u00f1\u00eda. Loomer pidi\u00f3 a la gente que la siguiera en una plataforma distinta, a\u00f1adiendo &#8220;Parece que nunca van a escuchar de m\u00ed de nuevo&#8221;. Yiannopoulos tambi\u00e9n hizo una publicaci\u00f3n final en Instagram.<\/p>\n<p style=\"text-align: justify;\">Watson utiliz\u00f3 Twitter, en donde no ha sido eliminado, para escribir \u201cen una sociedad autoritaria controlada por un pu\u00f1ado de gigantes de Silicon Valley, la disidencia debe ser purgada\u201d.<\/p>\n<p style=\"text-align: justify;\">Farrakhan, Jones y Nehlen no respondieron inmediatamente a las peticiones de comentarios.<\/p>\n<p style=\"text-align: justify;\">Algunos cr\u00edticos cuestionaron el que Facebook prohibiera las cuentas de un golpe el jueves, en lugar de tomar medidas en contra de ellas en el momento en que determinaron que violaban las reglas de la compa\u00f1\u00eda. Estos cr\u00edticos sugieren que el anuncio ten\u00eda la intenci\u00f3n de generar publicidad positiva para la compa\u00f1\u00eda, la cual tiene un historial de reaccionar lentamente sobre estos temas y de s\u00f3lo tomar medidas una vez que se enfrenta a la presi\u00f3n del p\u00fablico.<\/p>\n<p style=\"text-align: justify;\">Es posible que Facebook simplemente destin\u00f3 un tiempo significativo a la decisi\u00f3n de etiquetar a estos individuos como peligrosos. A finales de marzo, Business Insider obtuvo correos que muestran a los ejecutivos de Facebook en un debate intenso sobre tomar acciones o no en contra de Jones.<\/p>\n<p style=\"text-align: justify;\">En ese momento, un portavoz de Facebook dijo a CNN Business, &#8220;como demuestra esta correspondencia, monitoreamos y revisamos continuamente si las personas est\u00e1n involucradas en odio organizado en nuestra plataforma. Ya hemos derribado la p\u00e1gina de InfoWars en Facebook, pero Alex Jones tiene una red de presencia en l\u00ednea y estamos evaluando c\u00f3mo hacer cumplir nuestras pol\u00edticas en su contra como individuo apropiadamente.<\/p>\n<p style=\"text-align: justify;\">Estamos comprometidos con ser diligentes y compartiremos una actualizaci\u00f3n cuando haya finalizado el proceso\u201d.<\/p>\n<p>&nbsp;<\/p>\n<p style=\"text-align: justify;\">\u00a0[expansion.mx]<\/p>\n<\/div>\n<p>&nbsp;<\/p>\n<\/div>\n<div><\/div>\n<div><\/div>\n<div><\/div>\n<div><\/div>\n<div style=\"text-align: justify;\"><\/div>\n<p>&nbsp;<\/p>\n","protected":false},"excerpt":{"rendered":"<p>La tecnol\u00f3gica anunci\u00f3 una purga de su plataforma que incluir\u00e1 voces como el l\u00edder de la organizaci\u00f3n Nation of Islam, Louis Farrakhan, y el te\u00f3rico de la conspiraci\u00f3n, Alex Jones. \u00a0 \u00a0 \u00a0 \u00a0 \u00a0 \u00a0 \u00a0 \u00a0 \u00a0 \u00a0 \u00a0 \u00a0 \u00a0 \u00a0 \u00a0&#8230;<\/p>\n","protected":false},"author":1,"featured_media":4706,"comment_status":"closed","ping_status":"closed","sticky":false,"template":"","format":"standard","meta":[],"categories":[22],"tags":[],"_links":{"self":[{"href":"https:\/\/streamexico.com\/home\/wp-json\/wp\/v2\/posts\/4705"}],"collection":[{"href":"https:\/\/streamexico.com\/home\/wp-json\/wp\/v2\/posts"}],"about":[{"href":"https:\/\/streamexico.com\/home\/wp-json\/wp\/v2\/types\/post"}],"author":[{"embeddable":true,"href":"https:\/\/streamexico.com\/home\/wp-json\/wp\/v2\/users\/1"}],"replies":[{"embeddable":true,"href":"https:\/\/streamexico.com\/home\/wp-json\/wp\/v2\/comments?post=4705"}],"version-history":[{"count":19,"href":"https:\/\/streamexico.com\/home\/wp-json\/wp\/v2\/posts\/4705\/revisions"}],"predecessor-version":[{"id":4725,"href":"https:\/\/streamexico.com\/home\/wp-json\/wp\/v2\/posts\/4705\/revisions\/4725"}],"wp:featuredmedia":[{"embeddable":true,"href":"https:\/\/streamexico.com\/home\/wp-json\/wp\/v2\/media\/4706"}],"wp:attachment":[{"href":"https:\/\/streamexico.com\/home\/wp-json\/wp\/v2\/media?parent=4705"}],"wp:term":[{"taxonomy":"category","embeddable":true,"href":"https:\/\/streamexico.com\/home\/wp-json\/wp\/v2\/categories?post=4705"},{"taxonomy":"post_tag","embeddable":true,"href":"https:\/\/streamexico.com\/home\/wp-json\/wp\/v2\/tags?post=4705"}],"curies":[{"name":"wp","href":"https:\/\/api.w.org\/{rel}","templated":true}]}}