{"id":5734,"date":"2020-01-31T01:51:06","date_gmt":"2020-01-31T01:51:06","guid":{"rendered":"http:\/\/streamexico.com\/?p=5734"},"modified":"2020-01-31T02:10:31","modified_gmt":"2020-01-31T02:10:31","slug":"whatsapp-anuncio-que-dejara-de-funcionar-este-sabado-en-varios-celulares","status":"publish","type":"post","link":"https:\/\/streamexico.com\/home\/whatsapp-anuncio-que-dejara-de-funcionar-este-sabado-en-varios-celulares\/","title":{"rendered":"WhatsApp anunci\u00f3 que dejar\u00e1 de funcionar este s\u00e1bado en varios celulares"},"content":{"rendered":"<article id=\"post-5731\" class=\"post-5731 post type-post status-publish format-standard has-post-thumbnail hentry category-noticiasmkt\">\n<div class=\"post_content_holder\">\n<div class=\"post_text\">\n<div class=\"post_text_inner\">\n<div class=\"qode-post-text-main\">\n<div class=\"blob js-post-images-container\">\n<div class=\"entry-title col-lg-6 col-md-12 col-sm-12 col-xs-12\">\n<div class=\"title\">\n<div class=\"bajada\">\n<h2 style=\"text-align: justify;\">Facebook, propietario del servicio, lo comunicaron en la web oficial. Ya hab\u00edan adelantado la fecha l\u00edmite hace un a\u00f1o.<\/h2>\n<\/div>\n<\/div>\n<\/div>\n<div id=\"galeria-trigger\" class=\"entry-media no-p main-image pointer col-lg-12 col-md-12 \" style=\"text-align: justify;\"><img src=\"https:\/\/images.clarin.com\/2020\/01\/30\/a-partir-del-sabado-1___evzUHJLJ_1256x620__1.jpg\" \/>A partir del s\u00e1bado 1 de febrero, el servicio de mensajer\u00eda WhatsApp dejar\u00e1 de estar disponible en determinados celulares. (Foto: Patrick Pleul\/ DPA)<\/div>\n<\/div>\n<\/div>\n<\/div>\n<\/div>\n<\/div>\n<\/article>\n<blockquote>\n<div style=\"text-align: justify;\"><\/div>\n<\/blockquote>\n<div style=\"text-align: justify;\">\n<p>La plataforma de mensajer\u00eda instant\u00e1nea\u00a0<strong><a class=\"slug\" title=\"whatsapp\" href=\"https:\/\/www.clarin.com\/tema\/whatsapp.html\" target=\"_blank\" rel=\"noopener\">WhatsApp<\/a>\u00a0<\/strong>dejar\u00e1 de funcionar en tel\u00e9fonos con sistema operativo\u00a0<strong>Android 2.3.7 e iPhones con iOS 8<\/strong>\u00a0o anteriores a partir de este s\u00e1bado, lo que podr\u00eda tener repercusiones significativas en algunas partes del mundo.<\/p>\n<p>El servicio de mensajer\u00eda, propiedad de\u00a0<a class=\"slug\" title=\"facebook\" href=\"https:\/\/www.clarin.com\/tema\/facebook.html\" target=\"_blank\" rel=\"noopener\">Facebook<\/a>, ya\u00a0<u><a href=\"https:\/\/www.clarin.com\/tecnologia\/telefonos-podran-usar-whatsapp-partir-febrero-2020_0_gDG6qIlC.html\" target=\"_blank\" rel=\"noopener\" data-cke-saved-href=\"https:\/\/www.clarin.com\/tecnologia\/telefonos-podran-usar-whatsapp-partir-febrero-2020_0_gDG6qIlC.html\"><strong>adelant\u00f3 la fecha l\u00edmite hace un a\u00f1o<\/strong><\/a><\/u>\u00a0en su p\u00e1gina web, y quienes usen un sistema operativo antiguo deber\u00e1n, si quieren poder seguir usando WhatsApp, actualizarlo antes del s\u00e1bado.<\/p>\n<p>Desde hace m\u00e1s de un a\u00f1o, en estas versiones de los sistemas operativos para m\u00f3viles de Google y Apple ya\u00a0<strong>no era posible crear cuentas nuevas<\/strong>\u00a0de WhatsApp ni volver a verificar cuentas ya existentes, pero s\u00ed se permit\u00eda a quienes ya tuviesen la aplicaci\u00f3n instalada seguir us\u00e1ndola con normalidad.<\/p>\n<div id=\"nl-box\">\n<div class=\"newsletter-embeb\">\n<article>\n<div class=\"bd\">\n<p>Android 2.3.7 es la\u00a0<strong>\u00faltima actualizaci\u00f3n<\/strong>\u00a0del sistema Android 2.3 o &#8220;Gingerbread&#8221; (pan de jengibre, en ingl\u00e9s), lanzado al mercado en 2010, y al que desde entonces han sucedido casi una decena de nuevos sistemas operativos.<\/p>\n<div class=\"sp__Normal\">\n<div class=\"image-embeb image-trigger pointer\" style=\"text-align: left;\" data-index=\"1\">\n<figure><img src=\"https:\/\/images.clarin.com\/2015\/07\/27\/ios-8-el-sistema-operativo___HkxiORbJEg_720x0.jpg\" alt=\"iOS 8. &quot;El sistema operativo m\u00e1s grande lanzado alguna vez&quot;, era el eslogan publicitario que utiliz\u00f3 Apple.\" data-big=\"https:\/\/images.clarin.com\/2015\/07\/27\/ios-8-el-sistema-operativo___HkxiORbJEg_720x0.jpg\" data-small=\"https:\/\/images.clarin.com\/2015\/07\/27\/ios-8-el-sistema-operativo___HkxiORbJEg_720x0.jpg\" data-observer-function=\"loadLazyImg\" \/>\u00a0 \u00a0 \u00a0 \u00a0 \u00a0 \u00a0 \u00a0 \u00a0 \u00a0 \u00a0 \u00a0 \u00a0 \u00a0 \u00a0 \u00a0 \u00a0 \u00a0 \u00a0 \u00a0 \u00a0 \u00a0 \u00a0 \u00a0 \u00a0 \u00a0 \u00a0 \u00a0 \u00a0 \u00a0 \u00a0 \u00a0 \u00a0 \u00a0 \u00a0 \u00a0 \u00a0 \u00a0 \u00a0 \u00a0 \u00a0 \u00a0 \u00a0 iOS 8. &#8220;El sistema operativo m\u00e1s grande lanzado alguna vez&#8221;, era el eslogan publicitario que utiliz\u00f3 Apple.<\/figure>\n<\/div>\n<\/div>\n<blockquote><p>&nbsp;<\/p><\/blockquote>\n<p>iOS 8, por su parte, lleg\u00f3 a los iPhone en septiembre de 2014, y fue reemplazado un a\u00f1o despu\u00e9s por el iOS 9.<\/p>\n<p>WhatsApp explic\u00f3 que no existe ninguna opci\u00f3n para\u00a0<strong>transferir el historial de conversaciones<\/strong>\u00a0entre plataformas para aquellos usuarios que no vayan a poder seguir usando el servicio, pero s\u00ed pueden exportar estos datos a trav\u00e9s de un correo electr\u00f3nico si desean conservarlos.<\/p>\n<p>Al tratarse de sistemas operativos muy antiguos, no se espera que\u00a0<strong>la decisi\u00f3n de WhatsApp\u00a0<\/strong>vaya a tener un gran impacto en mercados como Estados Unidos\u00a0o Europa, pero s\u00ed\u00a0<strong>podr\u00eda resultar significativa para mercados emergentes\u00a0<\/strong>con gran cantidad de tel\u00e9fonos antiguos.<\/p>\n<p>Por su parte, la firma propietaria de WhatsApp, Facebook, volvi\u00f3 a desautorizar este mi\u00e9rcoles a quienes llevan tiempo augurando una posible p\u00e9rdida de usuarios en su plataforma e inform\u00f3 de que cerr\u00f3 2019 con un 9 % m\u00e1s de internautas, aunque las cuantiosas multas por parte de los reguladores lastraron sus resultados financieros.<\/p>\n<\/div>\n<\/article>\n<\/div>\n<\/div>\n<\/div>\n<article id=\"post-5731\" class=\"post-5731 post type-post status-publish format-standard has-post-thumbnail hentry category-noticiasmkt\">\n<div class=\"post_content_holder\">\n<div class=\"post_text\">\n<div class=\"post_text_inner\">\n<div class=\"qode-post-text-main\">\n<div class=\"blob js-post-images-container\">\n<blockquote><p>&nbsp;<\/p><\/blockquote>\n<p>[clarin.com]<\/p>\n<\/div>\n<section class=\"section-instagram-container\">\n<div class=\"section-instagram\"><\/div>\n<\/section>\n<\/div>\n<div class=\"qode-post-info-bottom clearfix\"><\/div>\n<\/div>\n<\/div>\n<\/div>\n<\/article>\n","protected":false},"excerpt":{"rendered":"<p>Facebook, propietario del servicio, lo comunicaron en la web oficial. Ya hab\u00edan adelantado la fecha l\u00edmite hace un a\u00f1o. A partir del s\u00e1bado 1 de febrero, el servicio de mensajer\u00eda WhatsApp dejar\u00e1 de estar disponible en determinados celulares. (Foto: Patrick Pleul\/ DPA) La plataforma de&#8230;<\/p>\n","protected":false},"author":1,"featured_media":5740,"comment_status":"closed","ping_status":"closed","sticky":false,"template":"","format":"standard","meta":[],"categories":[22],"tags":[],"_links":{"self":[{"href":"https:\/\/streamexico.com\/home\/wp-json\/wp\/v2\/posts\/5734"}],"collection":[{"href":"https:\/\/streamexico.com\/home\/wp-json\/wp\/v2\/posts"}],"about":[{"href":"https:\/\/streamexico.com\/home\/wp-json\/wp\/v2\/types\/post"}],"author":[{"embeddable":true,"href":"https:\/\/streamexico.com\/home\/wp-json\/wp\/v2\/users\/1"}],"replies":[{"embeddable":true,"href":"https:\/\/streamexico.com\/home\/wp-json\/wp\/v2\/comments?post=5734"}],"version-history":[{"count":11,"href":"https:\/\/streamexico.com\/home\/wp-json\/wp\/v2\/posts\/5734\/revisions"}],"predecessor-version":[{"id":5748,"href":"https:\/\/streamexico.com\/home\/wp-json\/wp\/v2\/posts\/5734\/revisions\/5748"}],"wp:featuredmedia":[{"embeddable":true,"href":"https:\/\/streamexico.com\/home\/wp-json\/wp\/v2\/media\/5740"}],"wp:attachment":[{"href":"https:\/\/streamexico.com\/home\/wp-json\/wp\/v2\/media?parent=5734"}],"wp:term":[{"taxonomy":"category","embeddable":true,"href":"https:\/\/streamexico.com\/home\/wp-json\/wp\/v2\/categories?post=5734"},{"taxonomy":"post_tag","embeddable":true,"href":"https:\/\/streamexico.com\/home\/wp-json\/wp\/v2\/tags?post=5734"}],"curies":[{"name":"wp","href":"https:\/\/api.w.org\/{rel}","templated":true}]}}