{"id":7126,"date":"2021-01-09T01:45:04","date_gmt":"2021-01-09T01:45:04","guid":{"rendered":"https:\/\/streamexico.com\/?p=7126"},"modified":"2021-01-09T01:52:39","modified_gmt":"2021-01-09T01:52:39","slug":"el-nuevo-ipad-mini-tendra-una-pantalla-de-84-pulgadas-y-sera-presentado-en-marzo-segun-fuentes-de-mac-otakara","status":"publish","type":"post","link":"https:\/\/streamexico.com\/home\/el-nuevo-ipad-mini-tendra-una-pantalla-de-84-pulgadas-y-sera-presentado-en-marzo-segun-fuentes-de-mac-otakara\/","title":{"rendered":"El nuevo iPad mini tendr\u00e1 una pantalla de 8,4 pulgadas y ser\u00e1 presentado en marzo, seg\u00fan fuentes de Mac Otakara"},"content":{"rendered":"<article id=\"post-7117\" class=\"post-7117 post type-post status-publish format-standard has-post-thumbnail hentry category-noticiasmkt\">\n<div class=\"post_content_holder\">\n<div class=\"post_text\">\n<div class=\"post_text_inner\">\n<div>\n<div>\n<div>\n<div>\n<div>\n<header>\n<h4 style=\"text-align: justify;\">El nuevo iPad mini tendr\u00e1 una pantalla de 8,4 pulgadas y ser\u00e1 presentado en marzo, seg\u00fan fuentes de Mac Otakara<\/h4>\n<p>&nbsp;<\/p>\n<\/header>\n<\/div>\n<div style=\"text-align: justify;\">\n<div>\n<div>\n<header>\n<div>\n<div><img src=\"https:\/\/i.blogs.es\/2b0e15\/analisis-ipad-2019-applesfera-01\/450_1000.jpg\" alt=\"El nuevo iPad mini tendr\u00e1 una pantalla de 8,4 pulgadas y ser\u00e1 presentado en marzo, seg\u00fan fuentes de Mac Otakara\" \/><\/div>\n<blockquote>\n<div><\/div>\n<\/blockquote>\n<\/div>\n<\/header>\n<\/div>\n<\/div>\n<\/div>\n<div style=\"text-align: justify;\">\n<p>Mac Otakara\u00a0<a href=\"http:\/\/www.macotakara.jp\/blog\/rumor\/entry-40811.html\">ha lanzado<\/a>\u00a0esta tarde nuevos datos sobre\u00a0el futuro del iPad mini, afirmando que son fiables ya que vienen de sus fuentes internas desde los proveedores de China. El medio coincide con otros hablando de una pantalla m\u00e1s grande y bordes m\u00e1s delgados para la tableta m\u00e1s peque\u00f1a de Apple.<\/p>\n<p>Su aspecto ser\u00e1\u00a0muy parecido al iPad Air de tercera generaci\u00f3n, algo que tambi\u00e9n le va a ocurrir al iPad est\u00e1ndar si hacemos caso a los rumores. Pasaremos de tener 7,9 pulgadas de pantalla a 8,4 y conservar\u00e1 tanto el bot\u00f3n Home con Touch ID como el puerto de carga Lightning.<\/p>\n<h4>Comienza a perfilarse un evento en marzo<\/h4>\n<div>\n<div><img src=\"https:\/\/i.blogs.es\/95d3ed\/macbook-pro-y-ipad\/450_1000.jpg\" srcset=\"https:\/\/i.blogs.es\/95d3ed\/macbook-pro-y-ipad\/450_1000.jpg 450w, https:\/\/i.blogs.es\/95d3ed\/macbook-pro-y-ipad\/650_1200.jpg 681w,https:\/\/i.blogs.es\/95d3ed\/macbook-pro-y-ipad\/1024_2000.jpg 1024w, https:\/\/i.blogs.es\/95d3ed\/macbook-pro-y-ipad\/1366_2000.jpg 1366w,\" alt=\"Macbook Pro Y Ipad\" data-sf-srcset=\"https:\/\/i.blogs.es\/95d3ed\/macbook-pro-y-ipad\/450_1000.jpg 450w, https:\/\/i.blogs.es\/95d3ed\/macbook-pro-y-ipad\/650_1200.jpg 681w,https:\/\/i.blogs.es\/95d3ed\/macbook-pro-y-ipad\/1024_2000.jpg 1024w, https:\/\/i.blogs.es\/95d3ed\/macbook-pro-y-ipad\/1366_2000.jpg 1366w,\" data-sf-src=\"https:\/\/i.blogs.es\/95d3ed\/macbook-pro-y-ipad\/450_1000.jpg\" \/><\/div>\n<\/div>\n<p>Tambi\u00e9n sabemos acerca de\u00a0<a href=\"https:\/\/www.applesfera.com\/rumores\/rumores-ipad-pro-lanzamiento-marzo-modelo-12-9-pulgadas-ligeramente-grueso-debido-a-pantalla-mini-led\">un iPad Pro con pantalla mini-LED<\/a>\u00a0y de ese\u00a0<a href=\"https:\/\/www.applesfera.com\/rumores\/rumores-cadena-suministros-nuevos-ipad-diseno-ipad-air-3-nuevos-iphone-pro-motion-pantalla-always-on\">iPad est\u00e1ndar de novena generaci\u00f3n<\/a>, as\u00ed que podemos decir que los rumores convergen hacia una renovaci\u00f3n de toda la gama iPad excepto el\u00a0<a href=\"https:\/\/www.applesfera.com\/analisis\/ipad-air-2020-analisis-review-caracteristicas-precio-especificaciones\">iPad Air<\/a>\u00a0alrededor del mes de marzo.\u00a0Quiz\u00e1s pueda dar para un evento remoto de Apple, juntando m\u00e1s novedades como los esperados AirTag o un nuevo Apple TV.<\/p>\n<p>El iPad mini se actualiz\u00f3 por \u00faltima vez\u00a0<a href=\"https:\/\/www.applesfera.com\/analisis\/ipad-mini-2019-analisis-regreso-maduro-a-primera-linea\">en septiembre de 2019<\/a>, de modo que ya le va tocando un lavado de cara y puesta al d\u00eda de sus especificaciones. No me extra\u00f1ar\u00eda ver c\u00f3mo a partir de ahora los rumores sobre todos estos iPad se van acumulando.<\/p>\n<\/div>\n<blockquote>\n<div><\/div>\n<p>&nbsp;<\/p><\/blockquote>\n<p style=\"text-align: justify;\">[andro4all.com]<\/p>\n<\/div>\n<\/div>\n<\/div>\n<\/div>\n<div class=\"qode-post-info-bottom clearfix\" style=\"text-align: justify;\"><\/div>\n<\/div>\n<\/div>\n<\/div>\n<\/article>\n","protected":false},"excerpt":{"rendered":"<p>El nuevo iPad mini tendr\u00e1 una pantalla de 8,4 pulgadas y ser\u00e1 presentado en marzo, seg\u00fan fuentes de Mac Otakara &nbsp; Mac Otakara\u00a0ha lanzado\u00a0esta tarde nuevos datos sobre\u00a0el futuro del iPad mini, afirmando que son fiables ya que vienen de sus fuentes internas desde los&#8230;<\/p>\n","protected":false},"author":1,"featured_media":7127,"comment_status":"closed","ping_status":"closed","sticky":false,"template":"","format":"standard","meta":[],"categories":[22],"tags":[],"_links":{"self":[{"href":"https:\/\/streamexico.com\/home\/wp-json\/wp\/v2\/posts\/7126"}],"collection":[{"href":"https:\/\/streamexico.com\/home\/wp-json\/wp\/v2\/posts"}],"about":[{"href":"https:\/\/streamexico.com\/home\/wp-json\/wp\/v2\/types\/post"}],"author":[{"embeddable":true,"href":"https:\/\/streamexico.com\/home\/wp-json\/wp\/v2\/users\/1"}],"replies":[{"embeddable":true,"href":"https:\/\/streamexico.com\/home\/wp-json\/wp\/v2\/comments?post=7126"}],"version-history":[{"count":6,"href":"https:\/\/streamexico.com\/home\/wp-json\/wp\/v2\/posts\/7126\/revisions"}],"predecessor-version":[{"id":7133,"href":"https:\/\/streamexico.com\/home\/wp-json\/wp\/v2\/posts\/7126\/revisions\/7133"}],"wp:featuredmedia":[{"embeddable":true,"href":"https:\/\/streamexico.com\/home\/wp-json\/wp\/v2\/media\/7127"}],"wp:attachment":[{"href":"https:\/\/streamexico.com\/home\/wp-json\/wp\/v2\/media?parent=7126"}],"wp:term":[{"taxonomy":"category","embeddable":true,"href":"https:\/\/streamexico.com\/home\/wp-json\/wp\/v2\/categories?post=7126"},{"taxonomy":"post_tag","embeddable":true,"href":"https:\/\/streamexico.com\/home\/wp-json\/wp\/v2\/tags?post=7126"}],"curies":[{"name":"wp","href":"https:\/\/api.w.org\/{rel}","templated":true}]}}