{"id":7134,"date":"2021-01-12T01:16:23","date_gmt":"2021-01-12T01:16:23","guid":{"rendered":"https:\/\/streamexico.com\/?p=7134"},"modified":"2021-01-12T01:20:21","modified_gmt":"2021-01-12T01:20:21","slug":"parler-demanda-a-amazon-por-bajar-su-sitio-argumenta-que-violo-las-leyes-de-competencia","status":"publish","type":"post","link":"https:\/\/streamexico.com\/home\/parler-demanda-a-amazon-por-bajar-su-sitio-argumenta-que-violo-las-leyes-de-competencia\/","title":{"rendered":"Parler demanda a Amazon por bajar su sitio; argumenta que viol\u00f3 las leyes de competencia"},"content":{"rendered":"<div class=\"qode-post-text-main\">\n<div class=\"entry-top galleryDesktop\">\n<div class=\"title\">\n<h4>La red social demand\u00f3 a Amazon\u00a0este lunes, acusando a su servicio de alojamiento para internet de violar la ley antimonopolio al suspender su cuenta.<\/h4>\n<\/div>\n<\/div>\n<div class=\"nota-autor clearfix\">\n<div class=\"entry-author clearfix\" style=\"text-align: justify;\">\n<address class=\"clearfix\"><img src=\"https:\/\/assets.eleconomista.com.mx\/__export\/1610318065721\/sites\/eleconomista\/img\/2021\/01\/10\/parler-red-social-afp.jpg_132249826.jpg\" alt=\"Foto: AFP\" \/><\/address>\n<address class=\"clearfix\">Foto: AFP<\/address>\n<address>\n<blockquote>\n<div class=\"pi-con-linea\"><\/div>\n<\/blockquote>\n<\/address>\n<\/div>\n<\/div>\n<p style=\"text-align: justify;\">Parler, una red social favorita de muchos partidarios del presidente de Estados Unidos,\u00a0<strong>Donald Trump<\/strong>, demand\u00f3 a\u00a0<strong>Amazon<\/strong>\u00a0este lunes, acusando a su servicio de alojamiento para internet de\u00a0<a href=\"https:\/\/www.eleconomista.com.mx\/internacionales\/Amazon-dejara-de-albergar-en-sus-servidores-a-la-red-social-Parler-ante-aumento-de-contenidos-violentos-20210110-0019.html\" target=\"_blank\" rel=\"noopener\">violar la ley antimonopolio al suspender su cuenta<\/a>.<\/p>\n<p style=\"text-align: justify;\">En una demanda presentada en la Corte de Distrito de los Estados Unidos en Seattle, Parler dijo que la decisi\u00f3n de\u00a0<strong>Amazon<\/strong>\u00a0de cerrar su cuenta fue &#8220;aparentemente motivada por la animosidad pol\u00edtica&#8221; y &#8220;aparentemente dise\u00f1ada para reducir la competencia en el mercado de servicios de microblogging en beneficio de Twitter&#8221;.<\/p>\n<p style=\"text-align: justify;\">Parler est\u00e1 solicitando una orden judicial que requiere que\u00a0<strong>Amazon<\/strong>\u00a0restablezca su cuenta, y que le impida suspender los servicios que hab\u00eda contratado. Tambi\u00e9n est\u00e1 buscando compensaci\u00f3n por da\u00f1os.<\/p>\n<p style=\"text-align: justify;\"><strong>Amazon<\/strong>\u00a0no respondi\u00f3 inmediatamente a las solicitudes de comentarios. Parler no estuvo disponible inmediatamente para hacer comentarios.<\/p>\n<blockquote><p>&nbsp;<\/p><\/blockquote>\n<p style=\"text-align: justify;\">[eleconomista.com.mx]<\/p>\n<\/div>\n<div class=\"qode-post-info-bottom clearfix\" style=\"text-align: justify;\"><\/div>\n","protected":false},"excerpt":{"rendered":"<p>La red social demand\u00f3 a Amazon\u00a0este lunes, acusando a su servicio de alojamiento para internet de violar la ley antimonopolio al suspender su cuenta. Foto: AFP Parler, una red social favorita de muchos partidarios del presidente de Estados Unidos,\u00a0Donald Trump, demand\u00f3 a\u00a0Amazon\u00a0este lunes, acusando a&#8230;<\/p>\n","protected":false},"author":1,"featured_media":7136,"comment_status":"closed","ping_status":"closed","sticky":false,"template":"","format":"standard","meta":[],"categories":[22],"tags":[],"_links":{"self":[{"href":"https:\/\/streamexico.com\/home\/wp-json\/wp\/v2\/posts\/7134"}],"collection":[{"href":"https:\/\/streamexico.com\/home\/wp-json\/wp\/v2\/posts"}],"about":[{"href":"https:\/\/streamexico.com\/home\/wp-json\/wp\/v2\/types\/post"}],"author":[{"embeddable":true,"href":"https:\/\/streamexico.com\/home\/wp-json\/wp\/v2\/users\/1"}],"replies":[{"embeddable":true,"href":"https:\/\/streamexico.com\/home\/wp-json\/wp\/v2\/comments?post=7134"}],"version-history":[{"count":3,"href":"https:\/\/streamexico.com\/home\/wp-json\/wp\/v2\/posts\/7134\/revisions"}],"predecessor-version":[{"id":7138,"href":"https:\/\/streamexico.com\/home\/wp-json\/wp\/v2\/posts\/7134\/revisions\/7138"}],"wp:featuredmedia":[{"embeddable":true,"href":"https:\/\/streamexico.com\/home\/wp-json\/wp\/v2\/media\/7136"}],"wp:attachment":[{"href":"https:\/\/streamexico.com\/home\/wp-json\/wp\/v2\/media?parent=7134"}],"wp:term":[{"taxonomy":"category","embeddable":true,"href":"https:\/\/streamexico.com\/home\/wp-json\/wp\/v2\/categories?post=7134"},{"taxonomy":"post_tag","embeddable":true,"href":"https:\/\/streamexico.com\/home\/wp-json\/wp\/v2\/tags?post=7134"}],"curies":[{"name":"wp","href":"https:\/\/api.w.org\/{rel}","templated":true}]}}