{"id":8459,"date":"2021-10-12T21:50:39","date_gmt":"2021-10-12T21:50:39","guid":{"rendered":"https:\/\/streamexico.com\/?p=8459"},"modified":"2021-10-12T21:55:44","modified_gmt":"2021-10-12T21:55:44","slug":"facebook-protect-plataforma-obliga-a-sus-usuarios-a-activar-opcion-esto-sabemos","status":"publish","type":"post","link":"https:\/\/streamexico.com\/home\/facebook-protect-plataforma-obliga-a-sus-usuarios-a-activar-opcion-esto-sabemos\/","title":{"rendered":"Facebook Protect: plataforma obliga a sus usuarios a activar opci\u00f3n; esto sabemos"},"content":{"rendered":"<h4 style=\"text-align: justify;\">Te decimos qu\u00e9 y en qu\u00e9 consiste Facebook Protect, la opci\u00f3n de seguridad que se est\u00e1 volviendo obligatoria para seguir usando la plataforma.<\/h4>\n<p>&nbsp;<\/p>\n<p style=\"text-align: justify;\"><img src=\"https:\/\/imagenes.milenio.com\/ir2fzVG55J3t6VvjjTqmHxCI044=\/300x186\/https:\/\/www.milenio.com\/uploads\/media\/2021\/10\/12\/usuarios-perderan-acceso-activan-octubre.jpg\" alt=\"Usuarios perder\u00e1n el acceso a su cuenta si no lo activan el 28 de octubre (Shtterstock).\" \/><br \/>\nUsuarios perder\u00e1n el acceso a su cuenta si no lo activan el 28 de octubre (Shtterstock).<\/p>\n<div style=\"text-align: justify;\">\n<blockquote>\n<div><\/div>\n<\/blockquote>\n<div>Tras la ca\u00edda de Facebook, WhatsApp e Instagram el pasado 4 de octubre, se han prendido las alertas en las oficinas de Mark Zuckerberg. Ahora, la plataforma est\u00e1 enviando una notificaci\u00f3n a sus usuarios donde los alienta a activar las opciones Facebook Protect, y de lo contrario, estos perder\u00e1n su acceso y no podr\u00e1n ingresar hasta que lo hagan.<\/div>\n<\/div>\n<div style=\"text-align: justify;\"><\/div>\n<div style=\"text-align: justify;\">\n<blockquote>\n<div>&#8220;Activa Facebook Protect antes del 28 oct 2021. Si no lo haces, perder\u00e1s el acceso a tu cuenta de Facebook hasta que lo actives&#8221;, dicen las notificaciones. &#8220;Es obligatorio que tu cuenta use este programa, el cual incluye diversas protecciones m\u00e1s complejas&#8221;, agregan.<\/div>\n<\/blockquote>\n<div><\/div>\n<\/div>\n<blockquote class=\"twitter-tweet\" data-width=\"550\" data-dnt=\"true\">\n<p lang=\"es\" dir=\"ltr\">\u00bfQu\u00e9 rayos es esto de Facebook Protect y por qu\u00e9 es obligatorio? <a href=\"https:\/\/t.co\/ZHw8wAAZD6\">pic.twitter.com\/ZHw8wAAZD6<\/a><\/p>\n<p>&mdash; Carlos Hern\u00e1ndez (@CarlosHdez_Mx) <a href=\"https:\/\/twitter.com\/CarlosHdez_Mx\/status\/1447987206702845952?ref_src=twsrc%5Etfw\">October 12, 2021<\/a><\/p><\/blockquote>\n<p><script async src=\"https:\/\/platform.twitter.com\/widgets.js\" charset=\"utf-8\"><\/script><\/p>\n<div style=\"text-align: justify;\">\n<div><\/div>\n<div><strong>\u00bfQu\u00e9 es Facebook Protect?<\/strong><\/div>\n<\/div>\n<blockquote>\n<div><\/div>\n<\/blockquote>\n<div style=\"text-align: justify;\">De acuerdo con el blog de Facebook en 2019, Facebook Protect naci\u00f3 para proteger a los usuarios de ser &#8220;v\u00edctimas de personas malintencionadas en las plataformas de medios sociales&#8221;.<\/div>\n<blockquote>\n<div><\/div>\n<\/blockquote>\n<div style=\"text-align: justify;\">En principio, buscaban proteger a cuentas de &#8220;candidatos, funcionarios electos, departamentos y agencias federales y estatales, y comit\u00e9s de partidos en los Estados Unidos, as\u00ed como a las personas que trabajan con ellos&#8221;.<\/div>\n<blockquote>\n<div><\/div>\n<\/blockquote>\n<div style=\"text-align: justify;\">Seg\u00fan dicha fuente, Facebook Protect permite: &#8220;adoptar protecciones de seguridad m\u00e1s estrictas, como la autenticaci\u00f3n en dos pasos, y realizar controles para detectar posibles amenazas de hackeo&#8221;.<\/div>\n<blockquote>\n<div style=\"text-align: justify;\"><\/div>\n<div style=\"text-align: justify;\">&#8220;Al registrarte en este programa (hasta entonces) voluntario, podremos detectar con mayor rapidez cualquier actividad sospechosa en la cuenta por medio de controles que nos permiten descubrir intentos de hackeo, como ubicaciones de inicio de sesi\u00f3n inusuales o dispositivos no verificados&#8221;, dice.<\/div>\n<div style=\"text-align: justify;\"><\/div>\n<\/blockquote>\n<div style=\"text-align: justify;\">Sin embargo, los usuarios ahora est\u00e1n recibiendo notificaciones donde les informan que es obligatorio que formen parte del programa de Facebook Protect, sin dar mayores razones con relaci\u00f3n a ello.<\/div>\n<blockquote>\n<div style=\"text-align: justify;\"><\/div>\n<\/blockquote>\n<div style=\"text-align: justify;\">En principio, asimismo, el programa estaba destinado a personajes relacionados con la pol\u00edtica \u00fanicamente en Estados Unidos, Canad\u00e1 y Alemania; sin embargo, por alguna Facebook ha comenzado a convocar a usuarios de M\u00e9xico y Latinoam\u00e9rica en general, y que en muchas ocasiones no est\u00e1n relacionadas directamente con la pol\u00edtica del pa\u00eds.<\/div>\n<blockquote>\n<div style=\"text-align: justify;\"><\/div>\n<\/blockquote>\n<div style=\"text-align: justify;\">Sin embargo, un factor que podr\u00eda estar jugando es, asimismo, la administraci\u00f3n de p\u00e1ginas verificadas, de modo que est\u00e9n incentivando mayor protecci\u00f3n para \u00e9stas.<\/div>\n<blockquote>\n<div style=\"text-align: justify;\"><\/div>\n<div style=\"text-align: justify;\">&#8220;Todos los administradores de p\u00e1ginas registradas deber\u00e1n completar la autorizaci\u00f3n de publicaci\u00f3n en p\u00e1ginas a fin de garantizar la seguridad de la p\u00e1gina, independientemente de que los administradores individuales elijan o no participar en este programa&#8221;, escriben.<\/div>\n<\/blockquote>\n<div style=\"text-align: justify;\"><\/div>\n<blockquote>\n<div style=\"text-align: justify;\">&#8220;La autorizaci\u00f3n de publicaci\u00f3n en p\u00e1ginas solicita a las personas que administran estas p\u00e1ginas que protejan su cuenta con la autenticaci\u00f3n en dos pasos y confirmen su pa\u00eds principal. Asimismo, exige que los administradores administren la p\u00e1gina desde un perfil en el que figure su nombre real y que no tengan otros perfiles en la plataforma&#8221;, agregan en su blog.<\/div>\n<div style=\"text-align: justify;\"><\/div>\n<\/blockquote>\n<div style=\"text-align: justify;\">Al momento, Facebook todav\u00eda no manifiesta las razones por las que est\u00e1 pidiendo que m\u00e1s usuarios se incorporen pero ahora de forma obligatoria en zonas que no estaban consideradas inicialmente y que no necesariamente tienen relaci\u00f3n directa con la pol\u00edtica. Asimismo, se desconoce si absolutamente todos deber\u00e1n activarlo, o s\u00f3lo los usuarios que son avisados directamente en su aplicaci\u00f3n.<\/div>\n<div style=\"text-align: justify;\"><\/div>\n<blockquote>\n<div><\/div>\n<div><\/div>\n<\/blockquote>\n<div class=\"detail-extra\">\n<blockquote>\n<div><\/div>\n<div><\/div>\n<\/blockquote>\n<div class=\"detail\" style=\"text-align: justify;\">[milenio.com]<\/div>\n<\/div>\n","protected":false},"excerpt":{"rendered":"<p>Te decimos qu\u00e9 y en qu\u00e9 consiste Facebook Protect, la opci\u00f3n de seguridad que se est\u00e1 volviendo obligatoria para seguir usando la plataforma. &nbsp; Usuarios perder\u00e1n el acceso a su cuenta si no lo activan el 28 de octubre (Shtterstock). Tras la ca\u00edda de Facebook,&#8230;<\/p>\n","protected":false},"author":1,"featured_media":8460,"comment_status":"closed","ping_status":"closed","sticky":false,"template":"","format":"standard","meta":[],"categories":[22],"tags":[],"_links":{"self":[{"href":"https:\/\/streamexico.com\/home\/wp-json\/wp\/v2\/posts\/8459"}],"collection":[{"href":"https:\/\/streamexico.com\/home\/wp-json\/wp\/v2\/posts"}],"about":[{"href":"https:\/\/streamexico.com\/home\/wp-json\/wp\/v2\/types\/post"}],"author":[{"embeddable":true,"href":"https:\/\/streamexico.com\/home\/wp-json\/wp\/v2\/users\/1"}],"replies":[{"embeddable":true,"href":"https:\/\/streamexico.com\/home\/wp-json\/wp\/v2\/comments?post=8459"}],"version-history":[{"count":5,"href":"https:\/\/streamexico.com\/home\/wp-json\/wp\/v2\/posts\/8459\/revisions"}],"predecessor-version":[{"id":8465,"href":"https:\/\/streamexico.com\/home\/wp-json\/wp\/v2\/posts\/8459\/revisions\/8465"}],"wp:featuredmedia":[{"embeddable":true,"href":"https:\/\/streamexico.com\/home\/wp-json\/wp\/v2\/media\/8460"}],"wp:attachment":[{"href":"https:\/\/streamexico.com\/home\/wp-json\/wp\/v2\/media?parent=8459"}],"wp:term":[{"taxonomy":"category","embeddable":true,"href":"https:\/\/streamexico.com\/home\/wp-json\/wp\/v2\/categories?post=8459"},{"taxonomy":"post_tag","embeddable":true,"href":"https:\/\/streamexico.com\/home\/wp-json\/wp\/v2\/tags?post=8459"}],"curies":[{"name":"wp","href":"https:\/\/api.w.org\/{rel}","templated":true}]}}