{"id":8472,"date":"2021-10-13T21:39:44","date_gmt":"2021-10-13T21:39:44","guid":{"rendered":"https:\/\/streamexico.com\/?p=8472"},"modified":"2021-10-13T21:43:23","modified_gmt":"2021-10-13T21:43:23","slug":"facebook-cambiara-las-reglas-sobre-ataques-a-figuras-publicas-en-sus-plataformas","status":"publish","type":"post","link":"https:\/\/streamexico.com\/home\/facebook-cambiara-las-reglas-sobre-ataques-a-figuras-publicas-en-sus-plataformas\/","title":{"rendered":"Facebook cambiar\u00e1 las reglas sobre ataques a figuras p\u00fablicas en sus plataformas"},"content":{"rendered":"<h4 style=\"text-align: justify;\"><span class=\"f4_article-info__excerpt entry-summary\">La red social que permite comentarios m\u00e1s cr\u00edticos de figuras p\u00fablicas que de particulares, dice que est\u00e1 cambiando su enfoque sobre el acoso a periodistas y defensores de los derechos humanos.<\/p>\n<p><\/span><\/h4>\n<p style=\"text-align: justify;\"><img src=\"https:\/\/cdn.forbes.com.mx\/2021\/04\/Mark-Zuckerberg-640x360.jpg\" alt=\"Mark Zuckerberg\" \/><\/p>\n<p>&nbsp;<\/p>\n<p style=\"text-align: justify;\"><strong>Reuters.-<\/strong> Facebook ahora considerar\u00e1 a activistas y periodistas como figuras p\u00fablicas \u201cinvoluntarias\u201d y, por lo tanto, aumentar\u00e1 las protecciones contra el acoso y la intimidaci\u00f3n contra estos grupos, dijo su jefe de seguridad global en una entrevista esta semana.<\/p>\n<p style=\"text-align: justify;\">La empresa de redes sociales, que permite comentarios m\u00e1s cr\u00edticos de figuras p\u00fablicas que de particulares, dice que est\u00e1 cambiando su enfoque sobre el acoso a periodistas y \u201cdefensores de los derechos humanos\u201d, quienes, seg\u00fan dice, est\u00e1n en el ojo p\u00fablico debido a su trabajo m\u00e1s que a ser personajes p\u00fablicos.<\/p>\n<p class=\"_114528\" style=\"text-align: justify;\">Facebook est\u00e1 bajo un amplio escrutinio por parte de legisladores y reguladores globales sobre sus pr\u00e1cticas de moderaci\u00f3n de contenido y los da\u00f1os vinculados a sus plataformas, y los documentos internos filtrados por una denunciante fueron la base de una audiencia en el Senado de Estados Unidos la semana pasada.<\/p>\n<p style=\"text-align: justify;\">La forma en que Facebook, que tiene alrededor de 2,800 millones de usuarios activos mensuales, trata a las figuras p\u00fablicas y el contenido publicado por o sobre ellas ha sido un \u00e1rea de intenso debate.<\/p>\n<p style=\"text-align: justify;\">En las \u00faltimas semanas, el sistema de \u201cverificaci\u00f3n cruzada\u201d de la compa\u00f1\u00eda, que seg\u00fan inform\u00f3\u00a0<em>The<\/em>\u00a0<em>Wall Street Journal<\/em>\u00a0tiene el efecto de eximir a algunos usuarios de alto perfil de las reglas habituales de Facebook, ha estado en el foco de atenci\u00f3n.<\/p>\n<p style=\"text-align: justify;\">Facebook tambi\u00e9n distingue entre figuras p\u00fablicas y personas privadas en las protecciones que brinda en torno a las discusiones en l\u00ednea: por ejemplo, los usuarios generalmente pueden pedir la muerte de una celebridad en las discusiones en la plataforma.<\/p>\n<p class=\"_114528\" style=\"text-align: justify;\">La compa\u00f1\u00eda se neg\u00f3 a compartir una lista de otras figuras p\u00fablicas involuntarias, pero dijo que se eval\u00faan caso por caso. A principios de este a\u00f1o, Facebook dijo que eliminar\u00eda el contenido que celebra, elogia o se burla de la muerte de George Floyd, porque se lo consideraba una figura p\u00fablica involuntaria.<\/p>\n<p style=\"text-align: justify;\">Facebook ya no permitir\u00e1 adem\u00e1s contenido sexualizante severo y no deseado, im\u00e1genes o dibujos despectivos sexualizados con Photoshop o ataques negativos directos a la apariencia de una persona, por ejemplo, en comentarios en el perfil de una figura p\u00fablica.<\/p>\n<p>&nbsp;<\/p>\n<p>[forbes.com.mx]<\/p>\n","protected":false},"excerpt":{"rendered":"<p>La red social que permite comentarios m\u00e1s cr\u00edticos de figuras p\u00fablicas que de particulares, dice que est\u00e1 cambiando su enfoque sobre el acoso a periodistas y defensores de los derechos humanos. &nbsp; Reuters.- Facebook ahora considerar\u00e1 a activistas y periodistas como figuras p\u00fablicas \u201cinvoluntarias\u201d y,&#8230;<\/p>\n","protected":false},"author":1,"featured_media":8475,"comment_status":"closed","ping_status":"closed","sticky":false,"template":"","format":"standard","meta":[],"categories":[22],"tags":[],"_links":{"self":[{"href":"https:\/\/streamexico.com\/home\/wp-json\/wp\/v2\/posts\/8472"}],"collection":[{"href":"https:\/\/streamexico.com\/home\/wp-json\/wp\/v2\/posts"}],"about":[{"href":"https:\/\/streamexico.com\/home\/wp-json\/wp\/v2\/types\/post"}],"author":[{"embeddable":true,"href":"https:\/\/streamexico.com\/home\/wp-json\/wp\/v2\/users\/1"}],"replies":[{"embeddable":true,"href":"https:\/\/streamexico.com\/home\/wp-json\/wp\/v2\/comments?post=8472"}],"version-history":[{"count":4,"href":"https:\/\/streamexico.com\/home\/wp-json\/wp\/v2\/posts\/8472\/revisions"}],"predecessor-version":[{"id":8477,"href":"https:\/\/streamexico.com\/home\/wp-json\/wp\/v2\/posts\/8472\/revisions\/8477"}],"wp:featuredmedia":[{"embeddable":true,"href":"https:\/\/streamexico.com\/home\/wp-json\/wp\/v2\/media\/8475"}],"wp:attachment":[{"href":"https:\/\/streamexico.com\/home\/wp-json\/wp\/v2\/media?parent=8472"}],"wp:term":[{"taxonomy":"category","embeddable":true,"href":"https:\/\/streamexico.com\/home\/wp-json\/wp\/v2\/categories?post=8472"},{"taxonomy":"post_tag","embeddable":true,"href":"https:\/\/streamexico.com\/home\/wp-json\/wp\/v2\/tags?post=8472"}],"curies":[{"name":"wp","href":"https:\/\/api.w.org\/{rel}","templated":true}]}}