{"id":9518,"date":"2022-05-11T03:59:30","date_gmt":"2022-05-11T03:59:30","guid":{"rendered":"https:\/\/streamexico.com\/?p=9518"},"modified":"2022-05-11T04:11:55","modified_gmt":"2022-05-11T04:11:55","slug":"amazon-apuntala-su-crecimiento-en-latam-desde-mexico","status":"publish","type":"post","link":"https:\/\/streamexico.com\/home\/amazon-apuntala-su-crecimiento-en-latam-desde-mexico\/","title":{"rendered":"Amazon apuntala su crecimiento en Latam desde M\u00e9xico"},"content":{"rendered":"<div class=\"row\">\n<div class=\"col-sm-xl-12 layout-section wrap-bottom promo1\">\n<h4 class=\"primary-font__PrimaryFontStyles-o56yd5-0 dMQteT h4-primary sub-headline\" style=\"text-align: justify;\">El pr\u00f3ximo 30 de junio esta firma cumplir\u00e1 siete a\u00f1os de operaciones en M\u00e9xico, pa\u00eds que considera una plaza estrat\u00e9gica para expandir operaciones, proveedores y clientes.<\/h4>\n<\/div>\n<\/div>\n<div class=\"row\" style=\"text-align: justify;\">\n<article class=\"col-sm-md-12 col-lg-xl-8 left-article-section ie-flex-100-percent-sm layout-section main1\">\n<figure class=\"lead-art-wrapper\">\n<div><picture class=\"Image__StyledPicture-sc-8yioqf-0 dRTDJJ\"><source srcset=\"https:\/\/www.publimetro.com.mx\/resizer\/C3EVHxTVdKEVuu85XyPN8QjKlgk=\/800x0\/filters:format(jpg):quality(70)\/cloudfront-us-east-1.images.arcpublishing.com\/metroworldnews\/MKGBOODK2FBK3PHMFFKX67O52Q.jpg\" media=\"screen and (min-width: 992px)\" \/><source srcset=\"https:\/\/www.publimetro.com.mx\/resizer\/C3EVHxTVdKEVuu85XyPN8QjKlgk=\/800x0\/filters:format(jpg):quality(70)\/cloudfront-us-east-1.images.arcpublishing.com\/metroworldnews\/MKGBOODK2FBK3PHMFFKX67O52Q.jpg\" media=\"screen and (min-width: 768px)\" \/><source srcset=\"https:\/\/www.publimetro.com.mx\/resizer\/C3EVHxTVdKEVuu85XyPN8QjKlgk=\/800x0\/filters:format(jpg):quality(70)\/cloudfront-us-east-1.images.arcpublishing.com\/metroworldnews\/MKGBOODK2FBK3PHMFFKX67O52Q.jpg\" media=\"screen and (min-width: 0px)\" \/><\/picture><\/div>\n<\/figure>\n<\/article>\n<\/div>\n<div class=\"st-placement standard_1 inImage\" style=\"text-align: justify;\"><img src=\"https:\/\/www.publimetro.com.mx\/resizer\/C3EVHxTVdKEVuu85XyPN8QjKlgk=\/800x0\/filters:format(jpg):quality(70)\/cloudfront-us-east-1.images.arcpublishing.com\/metroworldnews\/MKGBOODK2FBK3PHMFFKX67O52Q.jpg\" \/>\u00a0 \u00a0 \u00a0 \u00a0 \u00a0 \u00a0 \u00a0 \u00a0 \u00a0 \u00a0 \u00a0 \u00a0 \u00a0 \u00a0 \u00a0 \u00a0 \u00a0 \u00a0 \u00a0 \u00a0 \u00a0 \u00a0 \u00a0 \u00a0 \u00a0 \u00a0 \u00a0 \u00a0 \u00a0 \u00a0 \u00a0 \u00a0 \u00a0 \u00a0 \u00a0 \u00a0 \u00a0 Diego M\u00e9ndez de la Luz, director general de Operaciones de Amazon M\u00e9xico, destac\u00f3 que la pandemia del Covid-19 provoc\u00f3 que las operaciones de la compa\u00f1\u00eda norteamericana se dispararan Foto: Luis Fernando Moreno<\/div>\n<blockquote>\n<div><\/div>\n<\/blockquote>\n<div style=\"text-align: justify;\">\n<p class=\"default__StyledText-xb1qmn-0 hGyCGD body-paragraph\"><b>Con la pandemia se aceler\u00f3 el comercio en l\u00ednea<\/b>. Si bien es cierto que crec\u00eda desde antes de la contingencia sanitaria, en los \u00faltimos dos a\u00f1os\u00a0<b>el crecimiento<\/b>\u00a0del segmento de log\u00edstica\u00a0<b>experiment\u00f3 una alza exponencial.<\/b><\/p>\n<p class=\"default__StyledText-xb1qmn-0 hGyCGD body-paragraph\"><b>Diego M\u00e9ndez\u00a0<\/b>de la Luz,\u00a0<b>director general<\/b>\u00a0de Operaciones de\u00a0<a href=\"https:\/\/twitter.com\/amazonmex\" target=\"_blank\" rel=\"noopener\">Amazon M\u00e9xico<\/a>, reconoci\u00f3 que\u00a0<b>la\u00a0<\/b><a href=\"https:\/\/www.publimetro.com.mx\/coronavirus-covid-19\/\" target=\"_blank\" rel=\"noopener\"><b>pandemia del Covid-19\u00a0<\/b><\/a><b>provoc\u00f3<\/b>\u00a0que las operaciones de la compa\u00f1\u00eda norteamericana<b>\u00a0se dispararan<\/b>, aunque tambi\u00e9n<b>\u00a0represent\u00f3 un reto el seguir operando.<\/b><\/p>\n<picture class=\"Image__StyledPicture-sc-8yioqf-0 dRTDJJ\"><img loading=\"lazy\" class=\"alignnone\" src=\"https:\/\/www.publimetro.com.mx\/resizer\/vCvf4M6XfzMeHsW0ctKf5DMpDfU=\/1440x0\/filters:format(jpg):quality(70)\/cloudfront-us-east-1.images.arcpublishing.com\/metroworldnews\/73VMJQSNCRF3BDSPXI73UZ5KKU.jpg\" width=\"1440\" height=\"0\" \/><\/picture>Amazon apuntala su crecimiento en Latam desde M\u00e9xico Foto: Luis Fernando Moreno<\/p>\n<p class=\"default__StyledText-xb1qmn-0 hGyCGD body-paragraph\"><b>\u201cAl tratarse de un sector esencial\u00a0<\/b>que no dej\u00f3 de operar,\u00a0<b>tuvimos que ser muy cuidadosos<\/b>. La salud y el bienestar de los empleados es una\u00a0<b>prioridad absoluta<\/b>\u00a0desde el inicio de la pandemia en M\u00e9xico, y por ello,\u00a0<b>nuestras nuevas instalaciones\u00a0<\/b>integran los protocolos de seguridad y sanidad permanente relacionados con Covid-19\u2033, expres\u00f3 el directivo en entrevista.<\/p>\n<p class=\"default__StyledText-xb1qmn-0 hGyCGD body-paragraph\"><b>M\u00e9ndez explic\u00f3 que desde M\u00e9xico<\/b>\u00a0se eval\u00faan diferentes proyectos para la regi\u00f3n, a mediano plazo.\u00a0<b>Uno de los proyectos<\/b>\u00a0que eval\u00faa la compa\u00f1\u00eda es implementar el modelo\u00a0<b>Amazon Flex<\/b>, que permite a\u00a0<b>personas independientes\u00a0<\/b>entregar paquetes y\u00a0<b>generar ingresos.<\/b><\/p>\n<blockquote class=\"twitter-tweet\" data-width=\"550\" data-dnt=\"true\">\n<p lang=\"es\" dir=\"ltr\">Sin importar el multiverso en el que est\u00e9s, nosotros viajaremos hasta ah\u00ed para entregarte tu pedido.\ud83d\udce6<a href=\"https:\/\/twitter.com\/hashtag\/DrStrangeMultiverseOfMadness?src=hash&amp;ref_src=twsrc%5Etfw\">#DrStrangeMultiverseOfMadness<\/a> <a href=\"https:\/\/t.co\/7KoHhl8MKr\">pic.twitter.com\/7KoHhl8MKr<\/a><\/p>\n<p>&mdash; Amazon M\u00e9xico (@amazonmex) <a href=\"https:\/\/twitter.com\/amazonmex\/status\/1522274325583343617?ref_src=twsrc%5Etfw\">May 5, 2022<\/a><\/p><\/blockquote>\n<p><script async src=\"https:\/\/platform.twitter.com\/widgets.js\" charset=\"utf-8\"><\/script><\/p>\n<p class=\"default__StyledText-xb1qmn-0 hGyCGD body-paragraph\"><b>Este servicio ya opera en\u00a0<\/b><a href=\"https:\/\/www.publimetro.com.mx\/tags\/estados-unidos\/\" target=\"_blank\" rel=\"noopener\"><b>Estados Unidos<\/b><\/a>y algunos pa\u00edses de Europa, pero a\u00fan<b>\u00a0no esta disponible en Am\u00e9rica Latina<\/b>. Pero mientras definen su crecimiento en Am\u00e9rica Latina, en el pa\u00eds\u00a0<b>su expansi\u00f3n sigue consolid\u00e1ndose.<\/b><\/p>\n<p class=\"default__StyledText-xb1qmn-0 hGyCGD body-paragraph\">M\u00e9ndez de la Luz reconoci\u00f3 que la\u00a0<b>expansi\u00f3n de la empresa\u00a0<\/b>en M\u00e9xico ha sido posible\u00a0<b>gracias a sus colaboradores y socios comerciales<\/b>, as\u00ed como al apoyo de los diferentes gobiernos para permitir ampliar sus servicios.<\/p>\n<p class=\"default__StyledText-xb1qmn-0 hGyCGD body-paragraph\"><b>\u201cEl crecimiento de las operaciones de Amazon en M\u00e9xico\u00a0<\/b>refleja el compromiso con nuestros clientes en el pa\u00eds, al tiempo que nos permite ofrecer un servicio y experiencia de compra insuperable. Asimismo,\u00a0<b>tenemos un profundo deber con M\u00e9xico<\/b>\u00a0y las comunidades donde operamos, es por ello que<b>\u00a0estamos creando m\u00e1s de mil nuevos empleos\u201d<\/b>, dijo durante la inauguraci\u00f3n de uno de los centros de distribuci\u00f3n en el pa\u00eds.<\/p>\n<picture class=\"Image__StyledPicture-sc-8yioqf-0 dRTDJJ\"><img loading=\"lazy\" src=\"https:\/\/www.publimetro.com.mx\/resizer\/Z4nNSO_ce3jxRc1uKuOzhz7xjOU=\/1440x0\/filters:format(jpg):quality(70)\/cloudfront-us-east-1.images.arcpublishing.com\/metroworldnews\/MXQ5YDUVURAO5LX2TL7WPXIFIY.jpg\" width=\"1440\" height=\"0\" \/>Amazon apuntala su crecimiento en Latam desde M\u00e9xico Foto: Luis Fernando Moreno<\/picture>\n<p>&nbsp;<\/p>\n<h4 class=\"heading__StyledHeading-sc-5jxglz-0 glTpFX\"><b>Crecimiento exponencial<\/b><\/h4>\n<p class=\"default__StyledText-xb1qmn-0 hGyCGD body-paragraph\"><b>Fue en el 2015<\/b>\u00a0cuando el gigante del comercio electr\u00f3nico<b>\u00a0realiz\u00f3 su primer env\u00edo en M\u00e9xico<\/b>\u00a0y ahora suma cientos de miles de entregas todos los d\u00edas.\u00a0<b>Actualmente opera 10 centros de env\u00edo<\/b>, el lugar donde almacenan el inventario disponible para la\u00a0<b>venta a los clientes.<\/b><\/p>\n<p class=\"default__StyledText-xb1qmn-0 hGyCGD body-paragraph\"><b>Tambi\u00e9n cuenta con 31 estaciones de entrega<\/b>, donde se consolidan todos los env\u00edos para su entrega a las diferentes rutas. El\u00a0<b>crecimiento de las operaciones\u00a0<\/b>va de la mano con el aumento del personal de la empresa.<\/p>\n<picture class=\"Image__StyledPicture-sc-8yioqf-0 dRTDJJ\"><img loading=\"lazy\" src=\"https:\/\/www.publimetro.com.mx\/resizer\/lS4L2peO3ZaKUfsM4ol-8Pyv4G4=\/1440x0\/filters:format(jpg):quality(70)\/cloudfront-us-east-1.images.arcpublishing.com\/metroworldnews\/EVJ35TU4I5CRBDOGPJR44Y7YK4.jpg\" width=\"1440\" height=\"0\" \/><\/picture>Amazon apuntala su crecimiento en Latam desde M\u00e9xico Foto: Luis Fernando Moreno<\/p>\n<p class=\"default__StyledText-xb1qmn-0 hGyCGD body-paragraph\"><b>Actualmente cuenta con m\u00e1s de siete mil 500 empleos en M\u00e9xico,<\/b>\u00a0de los cuales seis mil trabajan en la operaci\u00f3n. Y aunque en otros pa\u00edses las operaciones de Amazon cada vez son m\u00e1s robotizadas,\u00a0<b>en M\u00e9xico la mano de obra sigue siendo fundamental.<\/b><\/p>\n<p class=\"default__StyledText-xb1qmn-0 hGyCGD body-paragraph\">La empresa cuyo lema es\u00a0<b>\u201cEntregando sonrisas y millones de productos\u201d\u00a0<\/b>tambi\u00e9n es una importante fuente de generaci\u00f3n de empleos de manera indirecta.<\/p>\n<p class=\"default__StyledText-xb1qmn-0 hGyCGD body-paragraph\"><b>Con sus 112 proveedores\u00a0<\/b>de servicios de entrega de \u00faltima milla (empresas de transporte de mensajer\u00eda),\u00a0<b>se generan tres mil 800 empleos de manera indirecta.<\/b><\/p>\n<h4 class=\"heading__StyledHeading-sc-5jxglz-0 glTpFX\">La operaci\u00f3n en M\u00e9xico<\/h4>\n<p class=\"heading__StyledHeading-sc-5jxglz-0 glTpFX\"><strong>7,500 empleos, 31 estaciones de entrega, 112 proveedores de servicios de entrega de \u00faltima milla (empresas de transporte de mensajer\u00eda), 10 centros de env\u00edo:<\/strong><\/p>\n<ul class=\"list__StyledUnorderedList-sc-1wwq737-2 fYLTqF\">\n<li class=\"list__StyledListItem-sc-1wwq737-0 iHQHVI\">5 en el Estado de M\u00e9xico<\/li>\n<li class=\"list__StyledListItem-sc-1wwq737-0 iHQHVI\">1 Monterrey<\/li>\n<li class=\"list__StyledListItem-sc-1wwq737-0 iHQHVI\">1 Hermosillo<\/li>\n<li class=\"list__StyledListItem-sc-1wwq737-0 iHQHVI\">1 M\u00e9rida<\/li>\n<li class=\"list__StyledListItem-sc-1wwq737-0 iHQHVI\">1 Tijuana<\/li>\n<li class=\"list__StyledListItem-sc-1wwq737-0 iHQHVI\">1 Guadalajara<\/li>\n<\/ul>\n<p>&nbsp;<\/p>\n<picture class=\"Image__StyledPicture-sc-8yioqf-0 dRTDJJ\"><img loading=\"lazy\" src=\"https:\/\/www.publimetro.com.mx\/resizer\/2Uy7jq8wOl8rBlvN8CBSUAAmOqI=\/1440x0\/filters:format(jpg):quality(70)\/cloudfront-us-east-1.images.arcpublishing.com\/metroworldnews\/F5SBBVNDLVDDPPAJXH4Y5K7VIM.jpg\" width=\"1440\" height=\"0\" \/><\/picture>Amazon apuntala su crecimiento en Latam desde M\u00e9xico Foto: Luis Fernando Moreno<\/p>\n<\/div>\n<p>&nbsp;<\/p>\n<p style=\"text-align: justify;\">[publimetro.com.mx]<\/p>\n","protected":false},"excerpt":{"rendered":"<p>El pr\u00f3ximo 30 de junio esta firma cumplir\u00e1 siete a\u00f1os de operaciones en M\u00e9xico, pa\u00eds que considera una plaza estrat\u00e9gica para expandir operaciones, proveedores y clientes. \u00a0 \u00a0 \u00a0 \u00a0 \u00a0 \u00a0 \u00a0 \u00a0 \u00a0 \u00a0 \u00a0 \u00a0 \u00a0 \u00a0 \u00a0 \u00a0 \u00a0 \u00a0 \u00a0&#8230;<\/p>\n","protected":false},"author":1,"featured_media":9519,"comment_status":"closed","ping_status":"closed","sticky":false,"template":"","format":"standard","meta":[],"categories":[22],"tags":[],"_links":{"self":[{"href":"https:\/\/streamexico.com\/home\/wp-json\/wp\/v2\/posts\/9518"}],"collection":[{"href":"https:\/\/streamexico.com\/home\/wp-json\/wp\/v2\/posts"}],"about":[{"href":"https:\/\/streamexico.com\/home\/wp-json\/wp\/v2\/types\/post"}],"author":[{"embeddable":true,"href":"https:\/\/streamexico.com\/home\/wp-json\/wp\/v2\/users\/1"}],"replies":[{"embeddable":true,"href":"https:\/\/streamexico.com\/home\/wp-json\/wp\/v2\/comments?post=9518"}],"version-history":[{"count":8,"href":"https:\/\/streamexico.com\/home\/wp-json\/wp\/v2\/posts\/9518\/revisions"}],"predecessor-version":[{"id":9527,"href":"https:\/\/streamexico.com\/home\/wp-json\/wp\/v2\/posts\/9518\/revisions\/9527"}],"wp:featuredmedia":[{"embeddable":true,"href":"https:\/\/streamexico.com\/home\/wp-json\/wp\/v2\/media\/9519"}],"wp:attachment":[{"href":"https:\/\/streamexico.com\/home\/wp-json\/wp\/v2\/media?parent=9518"}],"wp:term":[{"taxonomy":"category","embeddable":true,"href":"https:\/\/streamexico.com\/home\/wp-json\/wp\/v2\/categories?post=9518"},{"taxonomy":"post_tag","embeddable":true,"href":"https:\/\/streamexico.com\/home\/wp-json\/wp\/v2\/tags?post=9518"}],"curies":[{"name":"wp","href":"https:\/\/api.w.org\/{rel}","templated":true}]}}